{"id":4733,"date":"2025-12-12T16:28:05","date_gmt":"2025-12-12T16:28:05","guid":{"rendered":"https:\/\/energeticar.hr\/?p=4733"},"modified":"2025-12-12T16:33:47","modified_gmt":"2025-12-12T16:33:47","slug":"sjednica-redovne-skupstine-saveza-energeticara-slavonije-i-baranje-06-12-2025","status":"publish","type":"post","link":"https:\/\/energeticar.hr\/index.php\/2025\/12\/12\/sjednica-redovne-skupstine-saveza-energeticara-slavonije-i-baranje-06-12-2025\/","title":{"rendered":"Sjednica redovne Skup\u0161tine Saveza energeti\u010dara Slavonije i Baranje 06.12.2025."},"content":{"rendered":"<div class=\"wp-block-columns eplus-wrapper is-layout-flex wp-container-core-columns-is-layout-9d6595d7 wp-block-columns-is-layout-flex eplus-styles-uid-54f785\">\n<div class=\"wp-block-column eplus-wrapper is-layout-flow wp-block-column-is-layout-flow\">\n<figure class=\" wp-block-image size-large eplus-wrapper\"><img loading=\"lazy\" decoding=\"async\" width=\"1024\" height=\"768\" src=\"https:\/\/energeticar.hr\/wp-content\/uploads\/2025\/12\/IMG-8b36a5c967ece330d213554776bb09f7-V-1024x768.jpg\" alt=\"\" class=\"wp-image-4735\" srcset=\"https:\/\/energeticar.hr\/wp-content\/uploads\/2025\/12\/IMG-8b36a5c967ece330d213554776bb09f7-V-1024x768.jpg 1024w, https:\/\/energeticar.hr\/wp-content\/uploads\/2025\/12\/IMG-8b36a5c967ece330d213554776bb09f7-V-300x225.jpg 300w, https:\/\/energeticar.hr\/wp-content\/uploads\/2025\/12\/IMG-8b36a5c967ece330d213554776bb09f7-V-768x576.jpg 768w, https:\/\/energeticar.hr\/wp-content\/uploads\/2025\/12\/IMG-8b36a5c967ece330d213554776bb09f7-V-1536x1152.jpg 1536w, https:\/\/energeticar.hr\/wp-content\/uploads\/2025\/12\/IMG-8b36a5c967ece330d213554776bb09f7-V.jpg 1600w\" sizes=\"auto, (max-width: 1024px) 100vw, 1024px\" \/><\/figure>\n\n\n<figure class=\" wp-block-image size-large eplus-wrapper eplus-styles-uid-4c785f\"><img loading=\"lazy\" decoding=\"async\" width=\"1024\" height=\"768\" src=\"https:\/\/energeticar.hr\/wp-content\/uploads\/2025\/12\/IMG-6c4f8c2796e5f204f3ead6ff55f79c04-V-1024x768.jpg\" alt=\"\" class=\"wp-image-4734\" srcset=\"https:\/\/energeticar.hr\/wp-content\/uploads\/2025\/12\/IMG-6c4f8c2796e5f204f3ead6ff55f79c04-V-1024x768.jpg 1024w, https:\/\/energeticar.hr\/wp-content\/uploads\/2025\/12\/IMG-6c4f8c2796e5f204f3ead6ff55f79c04-V-300x225.jpg 300w, https:\/\/energeticar.hr\/wp-content\/uploads\/2025\/12\/IMG-6c4f8c2796e5f204f3ead6ff55f79c04-V-768x576.jpg 768w, https:\/\/energeticar.hr\/wp-content\/uploads\/2025\/12\/IMG-6c4f8c2796e5f204f3ead6ff55f79c04-V-1536x1152.jpg 1536w, https:\/\/energeticar.hr\/wp-content\/uploads\/2025\/12\/IMG-6c4f8c2796e5f204f3ead6ff55f79c04-V.jpg 1600w\" sizes=\"auto, (max-width: 1024px) 100vw, 1024px\" \/><\/figure>\n\n<figure class=\" wp-block-image size-large eplus-wrapper eplus-styles-uid-4c785f\"><img loading=\"lazy\" decoding=\"async\" width=\"1024\" height=\"768\" src=\"https:\/\/energeticar.hr\/wp-content\/uploads\/2025\/12\/IMG-e8dc04e502cc0287e4ba95d54af5725a-V-1024x768.jpg\" alt=\"\" class=\"wp-image-4736\" srcset=\"https:\/\/energeticar.hr\/wp-content\/uploads\/2025\/12\/IMG-e8dc04e502cc0287e4ba95d54af5725a-V-1024x768.jpg 1024w, https:\/\/energeticar.hr\/wp-content\/uploads\/2025\/12\/IMG-e8dc04e502cc0287e4ba95d54af5725a-V-300x225.jpg 300w, https:\/\/energeticar.hr\/wp-content\/uploads\/2025\/12\/IMG-e8dc04e502cc0287e4ba95d54af5725a-V-768x576.jpg 768w, https:\/\/energeticar.hr\/wp-content\/uploads\/2025\/12\/IMG-e8dc04e502cc0287e4ba95d54af5725a-V-1536x1152.jpg 1536w, https:\/\/energeticar.hr\/wp-content\/uploads\/2025\/12\/IMG-e8dc04e502cc0287e4ba95d54af5725a-V.jpg 1600w\" sizes=\"auto, (max-width: 1024px) 100vw, 1024px\" \/><\/figure><\/div>\n\n\n\n<div class=\"wp-block-column eplus-wrapper is-layout-flow wp-block-column-is-layout-flow\">\n<p class=\" has-medium-font-size eplus-wrapper\">Sjednica redovne Skup\u0161tine Saveza energeti\u010dara Slavonije i Baranje odr\u017eana je dana 6. prosinca 2025. godine sa sljede\u0107im Dnevnim redom:<br><br>1. Otvaranje Skup\u0161tine i izbor Radnog predsjedni\u0161tva<br><br>2. Usvajanje Dnevnog reda Skup\u0161tine i upoznavanje s Poslovnikom o radu Skup\u0161tine.<br><br>3. Izbor radnih tijela:<br>&#8211; Verifikacijska komisija,<br>&#8211; Zapisni\u010dar,<br>&#8211; Ovjerovitelji zapisnika.<br><br>4. Izvje\u0161\u0107e Verifikacijske komisije.<br><br>5. Financijsko izvje\u0161\u0107e za 2024. godinu.<br><br>6. Izvje\u0161\u0107e Komisije za popis imovine, potra\u017eivanja i obveza SESIB-a na dan 31.12.2024. godine.<br><br>7. Izvje\u0161\u0107e Nadzornog odbora za 2024. godinu.<br><br>8. Izvje\u0161\u0107e o aktivnostima SESIB-a u 2025. godini.<br><br>9. Informacija o organizaciji i provo\u0111enju Pripremnih te\u010dajeva za stru\u010dne ispite za energetska zvanja u 2025. godini.<br><br>10.Informacija o pove\u0107anju cijene Pripremnog te\u010daja za stru\u010dne ispite za energetska zvanja u 2026. godini.<br><br>11. Informacija o financijskom poslovanju SESIB-a u 2025. godini.<br><br>12. Kona\u010dni prijedlog op\u0107ih akta SESIB-a:<br><br>&#8211; STATUT SESIB-a,<br>&#8211; POSLOVNIK o radu Skup\u0161tine SESIB-a,<br>&#8211; POSLOVNIK o radu Upravnog odbora SESIB-a,<br>&#8211; POSLOVNIK o radu Nadzornog odbora SESIB-a,<br>&#8211; POSLOVNIK o radu \u010casnog suda SESIB-a.<br><br>13. Molba Dru\u0161tva energeti\u010dara Vukovarsko-srijemske \u017eupanije za u\u010dlanjenjem u SESIB.<br><br>14. Plan aktivnosti SESIB-a u 2026. godini.<br><br>15.Financijski plan SESIB-a za 2026. godinu.<br><br>16. Odluka o imenovanju Komisije za popis imovine, potra\u017eivanja i obveza SESIB-a za 2025. godinu.<br><br>17.Razno.<\/p>\n<\/div>\n<\/div>","protected":false},"excerpt":{"rendered":"<p>Sjednica redovne Skup\u0161tine Saveza energeti\u010dara Slavonije i Baranje odr\u017eana je dana 6. prosinca 2025. godine sa sljede\u0107im Dnevnim redom: 1. Otvaranje Skup\u0161tine i izbor Radnog predsjedni\u0161tva 2. Usvajanje Dnevnog reda Skup\u0161tine i upoznavanje s Poslovnikom o radu Skup\u0161tine. 3. Izbor radnih tijela:&#8211; Verifikacijska komisija,&#8211; Zapisni\u010dar,&#8211; Ovjerovitelji zapisnika. 4. Izvje\u0161\u0107e Verifikacijske komisije. 5. Financijsko izvje\u0161\u0107e za &#8230; <a title=\"Sjednica redovne Skup\u0161tine Saveza energeti\u010dara Slavonije i Baranje 06.12.2025.\" class=\"read-more\" href=\"https:\/\/energeticar.hr\/index.php\/2025\/12\/12\/sjednica-redovne-skupstine-saveza-energeticara-slavonije-i-baranje-06-12-2025\/\" aria-label=\"More on Sjednica redovne Skup\u0161tine Saveza energeti\u010dara Slavonije i Baranje 06.12.2025.\">Vi\u0161e o tome<\/a><\/p>\n","protected":false},"author":1,"featured_media":4735,"comment_status":"closed","ping_status":"closed","sticky":false,"template":"","format":"standard","meta":{"editor_plus_copied_stylings":"{}","footnotes":""},"categories":[15],"tags":[25],"class_list":["post-4733","post","type-post","status-publish","format-standard","has-post-thumbnail","hentry","category-aktualno-sesib","tag-skupstine-i-sjednice-sesib"],"yoast_head":"<!-- This site is optimized with the Yoast SEO plugin v26.8 - https:\/\/yoast.com\/product\/yoast-seo-wordpress\/ -->\n<title>Sjednica redovne Skup\u0161tine Saveza energeti\u010dara Slavonije i Baranje 06.12.2025. - Savez energeti\u010dara Slavonije i Baranje<\/title>\n<meta name=\"description\" content=\"Sjednica redovne Skup\u0161tine Saveza energeti\u010dara Slavonije i Baranje odr\u017eana je dana 6. prosinca 2025. godine sa sljede\u0107im Dnevnim redom:1. Otvaranje\" \/>\n<meta name=\"robots\" content=\"index, follow, max-snippet:-1, max-image-preview:large, max-video-preview:-1\" \/>\n<link rel=\"canonical\" href=\"https:\/\/energeticar.hr\/index.php\/2025\/12\/12\/sjednica-redovne-skupstine-saveza-energeticara-slavonije-i-baranje-06-12-2025\/\" \/>\n<meta property=\"og:locale\" content=\"en_US\" \/>\n<meta property=\"og:type\" content=\"article\" \/>\n<meta property=\"og:title\" content=\"Sjednica redovne Skup\u0161tine Saveza energeti\u010dara Slavonije i Baranje 06.12.2025. - Savez energeti\u010dara Slavonije i Baranje\" \/>\n<meta property=\"og:description\" content=\"Sjednica redovne Skup\u0161tine Saveza energeti\u010dara Slavonije i Baranje odr\u017eana je dana 6. prosinca 2025. godine sa sljede\u0107im Dnevnim redom:1. Otvaranje\" \/>\n<meta property=\"og:url\" content=\"https:\/\/energeticar.hr\/index.php\/2025\/12\/12\/sjednica-redovne-skupstine-saveza-energeticara-slavonije-i-baranje-06-12-2025\/\" \/>\n<meta property=\"og:site_name\" content=\"Savez energeti\u010dara Slavonije i Baranje\" \/>\n<meta property=\"article:published_time\" content=\"2025-12-12T16:28:05+00:00\" \/>\n<meta property=\"article:modified_time\" content=\"2025-12-12T16:33:47+00:00\" \/>\n<meta property=\"og:image\" content=\"https:\/\/energeticar.hr\/wp-content\/uploads\/2025\/12\/IMG-8b36a5c967ece330d213554776bb09f7-V.jpg\" \/>\n\t<meta property=\"og:image:width\" content=\"1600\" \/>\n\t<meta property=\"og:image:height\" content=\"1200\" \/>\n\t<meta property=\"og:image:type\" content=\"image\/jpeg\" \/>\n<meta name=\"author\" content=\"sesib\" \/>\n<meta name=\"twitter:card\" content=\"summary_large_image\" \/>\n<meta name=\"twitter:label1\" content=\"Written by\" \/>\n\t<meta name=\"twitter:data1\" content=\"sesib\" \/>\n\t<meta name=\"twitter:label2\" content=\"Est. reading time\" \/>\n\t<meta name=\"twitter:data2\" content=\"2 minutes\" \/>\n<script type=\"application\/ld+json\" class=\"yoast-schema-graph\">{\"@context\":\"https:\/\/schema.org\",\"@graph\":[{\"@type\":\"Article\",\"@id\":\"https:\/\/energeticar.hr\/index.php\/2025\/12\/12\/sjednica-redovne-skupstine-saveza-energeticara-slavonije-i-baranje-06-12-2025\/#article\",\"isPartOf\":{\"@id\":\"https:\/\/energeticar.hr\/index.php\/2025\/12\/12\/sjednica-redovne-skupstine-saveza-energeticara-slavonije-i-baranje-06-12-2025\/\"},\"author\":{\"name\":\"sesib\",\"@id\":\"https:\/\/energeticar.hr\/#\/schema\/person\/f7724fe9a0486c36396a1d74adc60c3f\"},\"headline\":\"Sjednica redovne Skup\u0161tine Saveza energeti\u010dara Slavonije i Baranje 06.12.2025.\",\"datePublished\":\"2025-12-12T16:28:05+00:00\",\"dateModified\":\"2025-12-12T16:33:47+00:00\",\"mainEntityOfPage\":{\"@id\":\"https:\/\/energeticar.hr\/index.php\/2025\/12\/12\/sjednica-redovne-skupstine-saveza-energeticara-slavonije-i-baranje-06-12-2025\/\"},\"wordCount\":217,\"publisher\":{\"@id\":\"https:\/\/energeticar.hr\/#organization\"},\"image\":{\"@id\":\"https:\/\/energeticar.hr\/index.php\/2025\/12\/12\/sjednica-redovne-skupstine-saveza-energeticara-slavonije-i-baranje-06-12-2025\/#primaryimage\"},\"thumbnailUrl\":\"https:\/\/energeticar.hr\/wp-content\/uploads\/2025\/12\/IMG-8b36a5c967ece330d213554776bb09f7-V.jpg\",\"keywords\":[\"Skup\u0161tine i sjednice SESIB\"],\"articleSection\":[\"Aktualno SESiB\"],\"inLanguage\":\"en-US\"},{\"@type\":\"WebPage\",\"@id\":\"https:\/\/energeticar.hr\/index.php\/2025\/12\/12\/sjednica-redovne-skupstine-saveza-energeticara-slavonije-i-baranje-06-12-2025\/\",\"url\":\"https:\/\/energeticar.hr\/index.php\/2025\/12\/12\/sjednica-redovne-skupstine-saveza-energeticara-slavonije-i-baranje-06-12-2025\/\",\"name\":\"Sjednica redovne Skup\u0161tine Saveza energeti\u010dara Slavonije i Baranje 06.12.2025. - Savez energeti\u010dara Slavonije i Baranje\",\"isPartOf\":{\"@id\":\"https:\/\/energeticar.hr\/#website\"},\"primaryImageOfPage\":{\"@id\":\"https:\/\/energeticar.hr\/index.php\/2025\/12\/12\/sjednica-redovne-skupstine-saveza-energeticara-slavonije-i-baranje-06-12-2025\/#primaryimage\"},\"image\":{\"@id\":\"https:\/\/energeticar.hr\/index.php\/2025\/12\/12\/sjednica-redovne-skupstine-saveza-energeticara-slavonije-i-baranje-06-12-2025\/#primaryimage\"},\"thumbnailUrl\":\"https:\/\/energeticar.hr\/wp-content\/uploads\/2025\/12\/IMG-8b36a5c967ece330d213554776bb09f7-V.jpg\",\"datePublished\":\"2025-12-12T16:28:05+00:00\",\"dateModified\":\"2025-12-12T16:33:47+00:00\",\"description\":\"Sjednica redovne Skup\u0161tine Saveza energeti\u010dara Slavonije i Baranje odr\u017eana je dana 6. prosinca 2025. godine sa sljede\u0107im Dnevnim redom:1. Otvaranje\",\"breadcrumb\":{\"@id\":\"https:\/\/energeticar.hr\/index.php\/2025\/12\/12\/sjednica-redovne-skupstine-saveza-energeticara-slavonije-i-baranje-06-12-2025\/#breadcrumb\"},\"inLanguage\":\"en-US\",\"potentialAction\":[{\"@type\":\"ReadAction\",\"target\":[\"https:\/\/energeticar.hr\/index.php\/2025\/12\/12\/sjednica-redovne-skupstine-saveza-energeticara-slavonije-i-baranje-06-12-2025\/\"]}]},{\"@type\":\"ImageObject\",\"inLanguage\":\"en-US\",\"@id\":\"https:\/\/energeticar.hr\/index.php\/2025\/12\/12\/sjednica-redovne-skupstine-saveza-energeticara-slavonije-i-baranje-06-12-2025\/#primaryimage\",\"url\":\"https:\/\/energeticar.hr\/wp-content\/uploads\/2025\/12\/IMG-8b36a5c967ece330d213554776bb09f7-V.jpg\",\"contentUrl\":\"https:\/\/energeticar.hr\/wp-content\/uploads\/2025\/12\/IMG-8b36a5c967ece330d213554776bb09f7-V.jpg\",\"width\":1600,\"height\":1200},{\"@type\":\"BreadcrumbList\",\"@id\":\"https:\/\/energeticar.hr\/index.php\/2025\/12\/12\/sjednica-redovne-skupstine-saveza-energeticara-slavonije-i-baranje-06-12-2025\/#breadcrumb\",\"itemListElement\":[{\"@type\":\"ListItem\",\"position\":1,\"name\":\"Home\",\"item\":\"https:\/\/energeticar.hr\/\"},{\"@type\":\"ListItem\",\"position\":2,\"name\":\"Sjednica redovne Skup\u0161tine Saveza energeti\u010dara Slavonije i Baranje 06.12.2025.\"}]},{\"@type\":\"WebSite\",\"@id\":\"https:\/\/energeticar.hr\/#website\",\"url\":\"https:\/\/energeticar.hr\/\",\"name\":\"Savez energeti\u010dara Slavonije i Baranje\",\"description\":\"SESIB\",\"publisher\":{\"@id\":\"https:\/\/energeticar.hr\/#organization\"},\"potentialAction\":[{\"@type\":\"SearchAction\",\"target\":{\"@type\":\"EntryPoint\",\"urlTemplate\":\"https:\/\/energeticar.hr\/?s={search_term_string}\"},\"query-input\":{\"@type\":\"PropertyValueSpecification\",\"valueRequired\":true,\"valueName\":\"search_term_string\"}}],\"inLanguage\":\"en-US\"},{\"@type\":\"Organization\",\"@id\":\"https:\/\/energeticar.hr\/#organization\",\"name\":\"Savez energeti\u010dara Slavonije i Baranje\",\"url\":\"https:\/\/energeticar.hr\/\",\"logo\":{\"@type\":\"ImageObject\",\"inLanguage\":\"en-US\",\"@id\":\"https:\/\/energeticar.hr\/#\/schema\/logo\/image\/\",\"url\":\"https:\/\/energeticar.hr\/wp-content\/uploads\/2024\/02\/SESiB-logo-SMALL-1.png\",\"contentUrl\":\"https:\/\/energeticar.hr\/wp-content\/uploads\/2024\/02\/SESiB-logo-SMALL-1.png\",\"width\":110,\"height\":101,\"caption\":\"Savez energeti\u010dara Slavonije i Baranje\"},\"image\":{\"@id\":\"https:\/\/energeticar.hr\/#\/schema\/logo\/image\/\"}},{\"@type\":\"Person\",\"@id\":\"https:\/\/energeticar.hr\/#\/schema\/person\/f7724fe9a0486c36396a1d74adc60c3f\",\"name\":\"sesib\",\"image\":{\"@type\":\"ImageObject\",\"inLanguage\":\"en-US\",\"@id\":\"https:\/\/energeticar.hr\/#\/schema\/person\/image\/\",\"url\":\"https:\/\/secure.gravatar.com\/avatar\/468459074fb1f72d3026475883ba7b5c2540bc8d8741e496e37fcd474fa56f8f?s=96&d=mm&r=g\",\"contentUrl\":\"https:\/\/secure.gravatar.com\/avatar\/468459074fb1f72d3026475883ba7b5c2540bc8d8741e496e37fcd474fa56f8f?s=96&d=mm&r=g\",\"caption\":\"sesib\"},\"sameAs\":[\"http:\/\/energeticar.free.nf\"]}]}<\/script>\n<!-- \/ Yoast SEO plugin. -->","yoast_head_json":{"title":"Sjednica redovne Skup\u0161tine Saveza energeti\u010dara Slavonije i Baranje 06.12.2025. - Savez energeti\u010dara Slavonije i Baranje","description":"Sjednica redovne Skup\u0161tine Saveza energeti\u010dara Slavonije i Baranje odr\u017eana je dana 6. prosinca 2025. godine sa sljede\u0107im Dnevnim redom:1. Otvaranje","robots":{"index":"index","follow":"follow","max-snippet":"max-snippet:-1","max-image-preview":"max-image-preview:large","max-video-preview":"max-video-preview:-1"},"canonical":"https:\/\/energeticar.hr\/index.php\/2025\/12\/12\/sjednica-redovne-skupstine-saveza-energeticara-slavonije-i-baranje-06-12-2025\/","og_locale":"en_US","og_type":"article","og_title":"Sjednica redovne Skup\u0161tine Saveza energeti\u010dara Slavonije i Baranje 06.12.2025. - Savez energeti\u010dara Slavonije i Baranje","og_description":"Sjednica redovne Skup\u0161tine Saveza energeti\u010dara Slavonije i Baranje odr\u017eana je dana 6. prosinca 2025. godine sa sljede\u0107im Dnevnim redom:1. Otvaranje","og_url":"https:\/\/energeticar.hr\/index.php\/2025\/12\/12\/sjednica-redovne-skupstine-saveza-energeticara-slavonije-i-baranje-06-12-2025\/","og_site_name":"Savez energeti\u010dara Slavonije i Baranje","article_published_time":"2025-12-12T16:28:05+00:00","article_modified_time":"2025-12-12T16:33:47+00:00","og_image":[{"width":1600,"height":1200,"url":"https:\/\/energeticar.hr\/wp-content\/uploads\/2025\/12\/IMG-8b36a5c967ece330d213554776bb09f7-V.jpg","type":"image\/jpeg"}],"author":"sesib","twitter_card":"summary_large_image","twitter_misc":{"Written by":"sesib","Est. reading time":"2 minutes"},"schema":{"@context":"https:\/\/schema.org","@graph":[{"@type":"Article","@id":"https:\/\/energeticar.hr\/index.php\/2025\/12\/12\/sjednica-redovne-skupstine-saveza-energeticara-slavonije-i-baranje-06-12-2025\/#article","isPartOf":{"@id":"https:\/\/energeticar.hr\/index.php\/2025\/12\/12\/sjednica-redovne-skupstine-saveza-energeticara-slavonije-i-baranje-06-12-2025\/"},"author":{"name":"sesib","@id":"https:\/\/energeticar.hr\/#\/schema\/person\/f7724fe9a0486c36396a1d74adc60c3f"},"headline":"Sjednica redovne Skup\u0161tine Saveza energeti\u010dara Slavonije i Baranje 06.12.2025.","datePublished":"2025-12-12T16:28:05+00:00","dateModified":"2025-12-12T16:33:47+00:00","mainEntityOfPage":{"@id":"https:\/\/energeticar.hr\/index.php\/2025\/12\/12\/sjednica-redovne-skupstine-saveza-energeticara-slavonije-i-baranje-06-12-2025\/"},"wordCount":217,"publisher":{"@id":"https:\/\/energeticar.hr\/#organization"},"image":{"@id":"https:\/\/energeticar.hr\/index.php\/2025\/12\/12\/sjednica-redovne-skupstine-saveza-energeticara-slavonije-i-baranje-06-12-2025\/#primaryimage"},"thumbnailUrl":"https:\/\/energeticar.hr\/wp-content\/uploads\/2025\/12\/IMG-8b36a5c967ece330d213554776bb09f7-V.jpg","keywords":["Skup\u0161tine i sjednice SESIB"],"articleSection":["Aktualno SESiB"],"inLanguage":"en-US"},{"@type":"WebPage","@id":"https:\/\/energeticar.hr\/index.php\/2025\/12\/12\/sjednica-redovne-skupstine-saveza-energeticara-slavonije-i-baranje-06-12-2025\/","url":"https:\/\/energeticar.hr\/index.php\/2025\/12\/12\/sjednica-redovne-skupstine-saveza-energeticara-slavonije-i-baranje-06-12-2025\/","name":"Sjednica redovne Skup\u0161tine Saveza energeti\u010dara Slavonije i Baranje 06.12.2025. - Savez energeti\u010dara Slavonije i Baranje","isPartOf":{"@id":"https:\/\/energeticar.hr\/#website"},"primaryImageOfPage":{"@id":"https:\/\/energeticar.hr\/index.php\/2025\/12\/12\/sjednica-redovne-skupstine-saveza-energeticara-slavonije-i-baranje-06-12-2025\/#primaryimage"},"image":{"@id":"https:\/\/energeticar.hr\/index.php\/2025\/12\/12\/sjednica-redovne-skupstine-saveza-energeticara-slavonije-i-baranje-06-12-2025\/#primaryimage"},"thumbnailUrl":"https:\/\/energeticar.hr\/wp-content\/uploads\/2025\/12\/IMG-8b36a5c967ece330d213554776bb09f7-V.jpg","datePublished":"2025-12-12T16:28:05+00:00","dateModified":"2025-12-12T16:33:47+00:00","description":"Sjednica redovne Skup\u0161tine Saveza energeti\u010dara Slavonije i Baranje odr\u017eana je dana 6. prosinca 2025. godine sa sljede\u0107im Dnevnim redom:1. Otvaranje","breadcrumb":{"@id":"https:\/\/energeticar.hr\/index.php\/2025\/12\/12\/sjednica-redovne-skupstine-saveza-energeticara-slavonije-i-baranje-06-12-2025\/#breadcrumb"},"inLanguage":"en-US","potentialAction":[{"@type":"ReadAction","target":["https:\/\/energeticar.hr\/index.php\/2025\/12\/12\/sjednica-redovne-skupstine-saveza-energeticara-slavonije-i-baranje-06-12-2025\/"]}]},{"@type":"ImageObject","inLanguage":"en-US","@id":"https:\/\/energeticar.hr\/index.php\/2025\/12\/12\/sjednica-redovne-skupstine-saveza-energeticara-slavonije-i-baranje-06-12-2025\/#primaryimage","url":"https:\/\/energeticar.hr\/wp-content\/uploads\/2025\/12\/IMG-8b36a5c967ece330d213554776bb09f7-V.jpg","contentUrl":"https:\/\/energeticar.hr\/wp-content\/uploads\/2025\/12\/IMG-8b36a5c967ece330d213554776bb09f7-V.jpg","width":1600,"height":1200},{"@type":"BreadcrumbList","@id":"https:\/\/energeticar.hr\/index.php\/2025\/12\/12\/sjednica-redovne-skupstine-saveza-energeticara-slavonije-i-baranje-06-12-2025\/#breadcrumb","itemListElement":[{"@type":"ListItem","position":1,"name":"Home","item":"https:\/\/energeticar.hr\/"},{"@type":"ListItem","position":2,"name":"Sjednica redovne Skup\u0161tine Saveza energeti\u010dara Slavonije i Baranje 06.12.2025."}]},{"@type":"WebSite","@id":"https:\/\/energeticar.hr\/#website","url":"https:\/\/energeticar.hr\/","name":"Savez energeti\u010dara Slavonije i Baranje","description":"SESIB","publisher":{"@id":"https:\/\/energeticar.hr\/#organization"},"potentialAction":[{"@type":"SearchAction","target":{"@type":"EntryPoint","urlTemplate":"https:\/\/energeticar.hr\/?s={search_term_string}"},"query-input":{"@type":"PropertyValueSpecification","valueRequired":true,"valueName":"search_term_string"}}],"inLanguage":"en-US"},{"@type":"Organization","@id":"https:\/\/energeticar.hr\/#organization","name":"Savez energeti\u010dara Slavonije i Baranje","url":"https:\/\/energeticar.hr\/","logo":{"@type":"ImageObject","inLanguage":"en-US","@id":"https:\/\/energeticar.hr\/#\/schema\/logo\/image\/","url":"https:\/\/energeticar.hr\/wp-content\/uploads\/2024\/02\/SESiB-logo-SMALL-1.png","contentUrl":"https:\/\/energeticar.hr\/wp-content\/uploads\/2024\/02\/SESiB-logo-SMALL-1.png","width":110,"height":101,"caption":"Savez energeti\u010dara Slavonije i Baranje"},"image":{"@id":"https:\/\/energeticar.hr\/#\/schema\/logo\/image\/"}},{"@type":"Person","@id":"https:\/\/energeticar.hr\/#\/schema\/person\/f7724fe9a0486c36396a1d74adc60c3f","name":"sesib","image":{"@type":"ImageObject","inLanguage":"en-US","@id":"https:\/\/energeticar.hr\/#\/schema\/person\/image\/","url":"https:\/\/secure.gravatar.com\/avatar\/468459074fb1f72d3026475883ba7b5c2540bc8d8741e496e37fcd474fa56f8f?s=96&d=mm&r=g","contentUrl":"https:\/\/secure.gravatar.com\/avatar\/468459074fb1f72d3026475883ba7b5c2540bc8d8741e496e37fcd474fa56f8f?s=96&d=mm&r=g","caption":"sesib"},"sameAs":["http:\/\/energeticar.free.nf"]}]}},"_links":{"self":[{"href":"https:\/\/energeticar.hr\/index.php\/wp-json\/wp\/v2\/posts\/4733","targetHints":{"allow":["GET"]}}],"collection":[{"href":"https:\/\/energeticar.hr\/index.php\/wp-json\/wp\/v2\/posts"}],"about":[{"href":"https:\/\/energeticar.hr\/index.php\/wp-json\/wp\/v2\/types\/post"}],"author":[{"embeddable":true,"href":"https:\/\/energeticar.hr\/index.php\/wp-json\/wp\/v2\/users\/1"}],"replies":[{"embeddable":true,"href":"https:\/\/energeticar.hr\/index.php\/wp-json\/wp\/v2\/comments?post=4733"}],"version-history":[{"count":12,"href":"https:\/\/energeticar.hr\/index.php\/wp-json\/wp\/v2\/posts\/4733\/revisions"}],"predecessor-version":[{"id":4748,"href":"https:\/\/energeticar.hr\/index.php\/wp-json\/wp\/v2\/posts\/4733\/revisions\/4748"}],"wp:featuredmedia":[{"embeddable":true,"href":"https:\/\/energeticar.hr\/index.php\/wp-json\/wp\/v2\/media\/4735"}],"wp:attachment":[{"href":"https:\/\/energeticar.hr\/index.php\/wp-json\/wp\/v2\/media?parent=4733"}],"wp:term":[{"taxonomy":"category","embeddable":true,"href":"https:\/\/energeticar.hr\/index.php\/wp-json\/wp\/v2\/categories?post=4733"},{"taxonomy":"post_tag","embeddable":true,"href":"https:\/\/energeticar.hr\/index.php\/wp-json\/wp\/v2\/tags?post=4733"}],"curies":[{"name":"wp","href":"https:\/\/api.w.org\/{rel}","templated":true}]}}