{"id":4422,"date":"2025-06-03T12:13:20","date_gmt":"2025-06-03T12:13:20","guid":{"rendered":"https:\/\/energeticar.hr\/?p=4422"},"modified":"2025-06-03T12:30:12","modified_gmt":"2025-06-03T12:30:12","slug":"22-susreti-energeticara-slavonije-i-baranje-pozega-2025-godine","status":"publish","type":"post","link":"https:\/\/energeticar.hr\/index.php\/2025\/06\/03\/22-susreti-energeticara-slavonije-i-baranje-pozega-2025-godine\/","title":{"rendered":"22. Susret energeti\u010dara Slavonije i Baranje Po\u017eega, 2025. godine"},"content":{"rendered":"\n<h1 class=\" wp-block-heading eplus-wrapper\">22. Susret energeti\u010dara Slavonije i Baranje<br>Po\u017eega, 2025. godine<\/h1>\n\n\n<div class=\"wp-block-columns eplus-wrapper is-layout-flex wp-container-core-columns-is-layout-9d6595d7 wp-block-columns-is-layout-flex eplus-styles-uid-aca6a8\">\n<div class=\"wp-block-column eplus-wrapper is-layout-flow wp-block-column-is-layout-flow\">\n<figure class=\" wp-block-image size-large eplus-wrapper\"><img loading=\"lazy\" decoding=\"async\" width=\"1024\" height=\"576\" src=\"https:\/\/energeticar.hr\/wp-content\/uploads\/2025\/06\/20250603_133954-1024x576.jpg\" alt=\"\" class=\"wp-image-4425\" srcset=\"https:\/\/energeticar.hr\/wp-content\/uploads\/2025\/06\/20250603_133954-1024x576.jpg 1024w, https:\/\/energeticar.hr\/wp-content\/uploads\/2025\/06\/20250603_133954-300x169.jpg 300w, https:\/\/energeticar.hr\/wp-content\/uploads\/2025\/06\/20250603_133954-768x432.jpg 768w, https:\/\/energeticar.hr\/wp-content\/uploads\/2025\/06\/20250603_133954-1536x864.jpg 1536w, https:\/\/energeticar.hr\/wp-content\/uploads\/2025\/06\/20250603_133954.jpg 1600w\" sizes=\"auto, (max-width: 1024px) 100vw, 1024px\" \/><\/figure>\n<\/div>\n\n\n\n<div class=\"wp-block-column eplus-wrapper is-layout-flow wp-block-column-is-layout-flow\">\n<p class=\" has-medium-font-size eplus-wrapper\">Godi\u0161nji Susret energeti\u010dara Slavonije i Baranje organiziralo je DE Po\u017eega. Susret je odr\u017ean na Ran\u010du \u010condi\u0107 u Kadanovcima, u neposrednoj blizini Pleternice.<br><\/p>\n<\/div>\n<\/div>\n\n<div class=\"wp-block-columns eplus-wrapper is-layout-flex wp-container-core-columns-is-layout-9d6595d7 wp-block-columns-is-layout-flex eplus-styles-uid-2347bb\">\n<div class=\"wp-block-column eplus-wrapper is-layout-flow wp-block-column-is-layout-flow\">\n<figure class=\" wp-block-image size-large eplus-wrapper\"><img loading=\"lazy\" decoding=\"async\" width=\"634\" height=\"1024\" src=\"https:\/\/energeticar.hr\/wp-content\/uploads\/2025\/06\/20250603_133934-634x1024.jpg\" alt=\"\" class=\"wp-image-4424\" srcset=\"https:\/\/energeticar.hr\/wp-content\/uploads\/2025\/06\/20250603_133934-634x1024.jpg 634w, https:\/\/energeticar.hr\/wp-content\/uploads\/2025\/06\/20250603_133934-186x300.jpg 186w, https:\/\/energeticar.hr\/wp-content\/uploads\/2025\/06\/20250603_133934-768x1241.jpg 768w, https:\/\/energeticar.hr\/wp-content\/uploads\/2025\/06\/20250603_133934-950x1536.jpg 950w, https:\/\/energeticar.hr\/wp-content\/uploads\/2025\/06\/20250603_133934.jpg 990w\" sizes=\"auto, (max-width: 634px) 100vw, 634px\" \/><\/figure>\n<\/div>\n\n\n\n<div class=\"wp-block-column eplus-wrapper is-layout-flow wp-block-column-is-layout-flow\">\n<p class=\" has-medium-font-size eplus-wrapper\">Na po\u010detku Susreta predsjednik Saveza Ivan Krvavica zahvalio se Marijanu Peri\u0161ki\u0107u na izvanrednom doprinosu tijekom 50 godina \u010dlanstva u Savezu, tijekom kojih je polovicu vremena vodio Savez kao njegov predsjednik.<\/p>\n<\/div>\n<\/div>\n\n<div class=\"wp-block-columns eplus-wrapper is-layout-flex wp-container-core-columns-is-layout-9d6595d7 wp-block-columns-is-layout-flex eplus-styles-uid-3b64d0\">\n<div class=\"wp-block-column eplus-wrapper is-layout-flow wp-block-column-is-layout-flow\">\n<figure class=\" wp-block-image size-large eplus-wrapper\"><img loading=\"lazy\" decoding=\"async\" width=\"1024\" height=\"576\" src=\"https:\/\/energeticar.hr\/wp-content\/uploads\/2025\/06\/20250603_134015-1024x576.jpg\" alt=\"\" class=\"wp-image-4426\" srcset=\"https:\/\/energeticar.hr\/wp-content\/uploads\/2025\/06\/20250603_134015-1024x576.jpg 1024w, https:\/\/energeticar.hr\/wp-content\/uploads\/2025\/06\/20250603_134015-300x169.jpg 300w, https:\/\/energeticar.hr\/wp-content\/uploads\/2025\/06\/20250603_134015-768x432.jpg 768w, https:\/\/energeticar.hr\/wp-content\/uploads\/2025\/06\/20250603_134015-1536x864.jpg 1536w, https:\/\/energeticar.hr\/wp-content\/uploads\/2025\/06\/20250603_134015.jpg 1600w\" sizes=\"auto, (max-width: 1024px) 100vw, 1024px\" \/><\/figure>\n\n\n<figure class=\" wp-block-image size-large eplus-wrapper eplus-styles-uid-4c785f\"><img loading=\"lazy\" decoding=\"async\" width=\"1024\" height=\"576\" src=\"https:\/\/energeticar.hr\/wp-content\/uploads\/2025\/06\/20250603_134056-1024x576.jpg\" alt=\"\" class=\"wp-image-4428\" srcset=\"https:\/\/energeticar.hr\/wp-content\/uploads\/2025\/06\/20250603_134056-1024x576.jpg 1024w, https:\/\/energeticar.hr\/wp-content\/uploads\/2025\/06\/20250603_134056-300x169.jpg 300w, https:\/\/energeticar.hr\/wp-content\/uploads\/2025\/06\/20250603_134056-768x432.jpg 768w, https:\/\/energeticar.hr\/wp-content\/uploads\/2025\/06\/20250603_134056-1536x864.jpg 1536w, https:\/\/energeticar.hr\/wp-content\/uploads\/2025\/06\/20250603_134056.jpg 1600w\" sizes=\"auto, (max-width: 1024px) 100vw, 1024px\" \/><\/figure><\/div>\n\n\n\n<div class=\"wp-block-column eplus-wrapper is-layout-flow wp-block-column-is-layout-flow\">\n<p class=\" has-medium-font-size eplus-wrapper\">Nadalje, tijekom Sureta posjetili smo Muzej be\u0107arca u Pleternici, kojeg je UNESCO 2011. godine za\u0161titio kao nematerijalnu kulturnu ba\u0161tinu, kao i postrojenje male hidroelektrane na rijeci Orljavi u neposrednoj blizini Muzeja.<\/p>\n<\/div>\n<\/div>\n\n<div class=\"wp-block-columns eplus-wrapper is-layout-flex wp-container-core-columns-is-layout-9d6595d7 wp-block-columns-is-layout-flex eplus-styles-uid-9faf3b\">\n<div class=\"wp-block-column eplus-wrapper is-layout-flow wp-block-column-is-layout-flow\">\n<figure class=\" wp-block-image size-large eplus-wrapper\"><img loading=\"lazy\" decoding=\"async\" width=\"1024\" height=\"576\" src=\"https:\/\/energeticar.hr\/wp-content\/uploads\/2025\/06\/20250603_134139-1024x576.jpg\" alt=\"\" class=\"wp-image-4430\" srcset=\"https:\/\/energeticar.hr\/wp-content\/uploads\/2025\/06\/20250603_134139-1024x576.jpg 1024w, https:\/\/energeticar.hr\/wp-content\/uploads\/2025\/06\/20250603_134139-300x169.jpg 300w, https:\/\/energeticar.hr\/wp-content\/uploads\/2025\/06\/20250603_134139-768x432.jpg 768w, https:\/\/energeticar.hr\/wp-content\/uploads\/2025\/06\/20250603_134139-1536x864.jpg 1536w, https:\/\/energeticar.hr\/wp-content\/uploads\/2025\/06\/20250603_134139.jpg 1600w\" sizes=\"auto, (max-width: 1024px) 100vw, 1024px\" \/><\/figure>\n\n\n<figure class=\" wp-block-image size-large is-resized eplus-wrapper eplus-styles-uid-fc8d0f\"><img loading=\"lazy\" decoding=\"async\" width=\"576\" height=\"1024\" src=\"https:\/\/energeticar.hr\/wp-content\/uploads\/2025\/06\/20250603_134125-576x1024.jpg\" alt=\"\" class=\"wp-image-4429\" style=\"width:591px;height:auto\" srcset=\"https:\/\/energeticar.hr\/wp-content\/uploads\/2025\/06\/20250603_134125-576x1024.jpg 576w, https:\/\/energeticar.hr\/wp-content\/uploads\/2025\/06\/20250603_134125-169x300.jpg 169w, https:\/\/energeticar.hr\/wp-content\/uploads\/2025\/06\/20250603_134125-768x1365.jpg 768w, https:\/\/energeticar.hr\/wp-content\/uploads\/2025\/06\/20250603_134125-864x1536.jpg 864w, https:\/\/energeticar.hr\/wp-content\/uploads\/2025\/06\/20250603_134125.jpg 900w\" sizes=\"auto, (max-width: 576px) 100vw, 576px\" \/><\/figure>\n\n<figure class=\" wp-block-image size-large eplus-wrapper eplus-styles-uid-4c785f\"><img loading=\"lazy\" decoding=\"async\" width=\"1024\" height=\"576\" src=\"https:\/\/energeticar.hr\/wp-content\/uploads\/2025\/06\/20250603_134036-1024x576.jpg\" alt=\"\" class=\"wp-image-4427\" srcset=\"https:\/\/energeticar.hr\/wp-content\/uploads\/2025\/06\/20250603_134036-1024x576.jpg 1024w, https:\/\/energeticar.hr\/wp-content\/uploads\/2025\/06\/20250603_134036-300x169.jpg 300w, https:\/\/energeticar.hr\/wp-content\/uploads\/2025\/06\/20250603_134036-768x432.jpg 768w, https:\/\/energeticar.hr\/wp-content\/uploads\/2025\/06\/20250603_134036-1536x864.jpg 1536w, https:\/\/energeticar.hr\/wp-content\/uploads\/2025\/06\/20250603_134036.jpg 1600w\" sizes=\"auto, (max-width: 1024px) 100vw, 1024px\" \/><\/figure><\/div>\n\n\n\n<div class=\"wp-block-column eplus-wrapper is-layout-flow wp-block-column-is-layout-flow\">\n<p class=\" has-medium-font-size eplus-wrapper\">Sam Susret protekao je u ugodnom cjelodnevnom dru\u017eenju na\u0161ih \u010dlanova uz dobru hranu, glazbu te obaveznim dru\u0161tvenim igrama.<\/p>\n<\/div>\n<\/div>","protected":false},"excerpt":{"rendered":"<p>22. Susret energeti\u010dara Slavonije i BaranjePo\u017eega, 2025. godine Godi\u0161nji Susret energeti\u010dara Slavonije i Baranje organiziralo je DE Po\u017eega. Susret je odr\u017ean na Ran\u010du \u010condi\u0107 u Kadanovcima, u neposrednoj blizini Pleternice. Na po\u010detku Susreta predsjednik Saveza Ivan Krvavica zahvalio se Marijanu Peri\u0161ki\u0107u na izvanrednom doprinosu tijekom 50 godina \u010dlanstva u Savezu, tijekom kojih je polovicu vremena &#8230; <a title=\"22. Susret energeti\u010dara Slavonije i Baranje Po\u017eega, 2025. godine\" class=\"read-more\" href=\"https:\/\/energeticar.hr\/index.php\/2025\/06\/03\/22-susreti-energeticara-slavonije-i-baranje-pozega-2025-godine\/\" aria-label=\"More on 22. Susret energeti\u010dara Slavonije i Baranje Po\u017eega, 2025. godine\">Vi\u0161e o tome<\/a><\/p>\n","protected":false},"author":1,"featured_media":4425,"comment_status":"closed","ping_status":"closed","sticky":false,"template":"","format":"standard","meta":{"editor_plus_copied_stylings":"{}","footnotes":""},"categories":[15],"tags":[24],"class_list":["post-4422","post","type-post","status-publish","format-standard","has-post-thumbnail","hentry","category-aktualno-sesib","tag-susreti-sesib"],"yoast_head":"<!-- This site is optimized with the Yoast SEO plugin v26.8 - https:\/\/yoast.com\/product\/yoast-seo-wordpress\/ -->\n<title>22. Susret energeti\u010dara Slavonije i Baranje Po\u017eega, 2025. godine - Savez energeti\u010dara Slavonije i Baranje<\/title>\n<meta name=\"description\" content=\"22. Susret energeti\u010dara Slavonije i BaranjePo\u017eega, 2025. godine Godi\u0161nji Susret energeti\u010dara Slavonije i Baranje organiziralo je DE Po\u017eega. Susret je\" \/>\n<meta name=\"robots\" content=\"index, follow, max-snippet:-1, max-image-preview:large, max-video-preview:-1\" \/>\n<link rel=\"canonical\" href=\"https:\/\/energeticar.hr\/index.php\/2025\/06\/03\/22-susreti-energeticara-slavonije-i-baranje-pozega-2025-godine\/\" \/>\n<meta property=\"og:locale\" content=\"en_US\" \/>\n<meta property=\"og:type\" content=\"article\" \/>\n<meta property=\"og:title\" content=\"22. Susret energeti\u010dara Slavonije i Baranje Po\u017eega, 2025. godine - Savez energeti\u010dara Slavonije i Baranje\" \/>\n<meta property=\"og:description\" content=\"22. Susret energeti\u010dara Slavonije i BaranjePo\u017eega, 2025. godine Godi\u0161nji Susret energeti\u010dara Slavonije i Baranje organiziralo je DE Po\u017eega. Susret je\" \/>\n<meta property=\"og:url\" content=\"https:\/\/energeticar.hr\/index.php\/2025\/06\/03\/22-susreti-energeticara-slavonije-i-baranje-pozega-2025-godine\/\" \/>\n<meta property=\"og:site_name\" content=\"Savez energeti\u010dara Slavonije i Baranje\" \/>\n<meta property=\"article:published_time\" content=\"2025-06-03T12:13:20+00:00\" \/>\n<meta property=\"article:modified_time\" content=\"2025-06-03T12:30:12+00:00\" \/>\n<meta property=\"og:image\" content=\"https:\/\/energeticar.hr\/wp-content\/uploads\/2025\/06\/20250603_133954.jpg\" \/>\n\t<meta property=\"og:image:width\" content=\"1600\" \/>\n\t<meta property=\"og:image:height\" content=\"900\" \/>\n\t<meta property=\"og:image:type\" content=\"image\/jpeg\" \/>\n<meta name=\"author\" content=\"sesib\" \/>\n<meta name=\"twitter:card\" content=\"summary_large_image\" \/>\n<meta name=\"twitter:label1\" content=\"Written by\" \/>\n\t<meta name=\"twitter:data1\" content=\"sesib\" \/>\n\t<meta name=\"twitter:label2\" content=\"Est. reading time\" \/>\n\t<meta name=\"twitter:data2\" content=\"3 minutes\" \/>\n<script type=\"application\/ld+json\" class=\"yoast-schema-graph\">{\"@context\":\"https:\/\/schema.org\",\"@graph\":[{\"@type\":\"Article\",\"@id\":\"https:\/\/energeticar.hr\/index.php\/2025\/06\/03\/22-susreti-energeticara-slavonije-i-baranje-pozega-2025-godine\/#article\",\"isPartOf\":{\"@id\":\"https:\/\/energeticar.hr\/index.php\/2025\/06\/03\/22-susreti-energeticara-slavonije-i-baranje-pozega-2025-godine\/\"},\"author\":{\"name\":\"sesib\",\"@id\":\"https:\/\/energeticar.hr\/#\/schema\/person\/f7724fe9a0486c36396a1d74adc60c3f\"},\"headline\":\"22. Susret energeti\u010dara Slavonije i Baranje Po\u017eega, 2025. godine\",\"datePublished\":\"2025-06-03T12:13:20+00:00\",\"dateModified\":\"2025-06-03T12:30:12+00:00\",\"mainEntityOfPage\":{\"@id\":\"https:\/\/energeticar.hr\/index.php\/2025\/06\/03\/22-susreti-energeticara-slavonije-i-baranje-pozega-2025-godine\/\"},\"wordCount\":130,\"publisher\":{\"@id\":\"https:\/\/energeticar.hr\/#organization\"},\"image\":{\"@id\":\"https:\/\/energeticar.hr\/index.php\/2025\/06\/03\/22-susreti-energeticara-slavonije-i-baranje-pozega-2025-godine\/#primaryimage\"},\"thumbnailUrl\":\"https:\/\/energeticar.hr\/wp-content\/uploads\/2025\/06\/20250603_133954.jpg\",\"keywords\":[\"Susreti SESIB\"],\"articleSection\":[\"Aktualno SESiB\"],\"inLanguage\":\"en-US\"},{\"@type\":\"WebPage\",\"@id\":\"https:\/\/energeticar.hr\/index.php\/2025\/06\/03\/22-susreti-energeticara-slavonije-i-baranje-pozega-2025-godine\/\",\"url\":\"https:\/\/energeticar.hr\/index.php\/2025\/06\/03\/22-susreti-energeticara-slavonije-i-baranje-pozega-2025-godine\/\",\"name\":\"22. Susret energeti\u010dara Slavonije i Baranje Po\u017eega, 2025. godine - Savez energeti\u010dara Slavonije i Baranje\",\"isPartOf\":{\"@id\":\"https:\/\/energeticar.hr\/#website\"},\"primaryImageOfPage\":{\"@id\":\"https:\/\/energeticar.hr\/index.php\/2025\/06\/03\/22-susreti-energeticara-slavonije-i-baranje-pozega-2025-godine\/#primaryimage\"},\"image\":{\"@id\":\"https:\/\/energeticar.hr\/index.php\/2025\/06\/03\/22-susreti-energeticara-slavonije-i-baranje-pozega-2025-godine\/#primaryimage\"},\"thumbnailUrl\":\"https:\/\/energeticar.hr\/wp-content\/uploads\/2025\/06\/20250603_133954.jpg\",\"datePublished\":\"2025-06-03T12:13:20+00:00\",\"dateModified\":\"2025-06-03T12:30:12+00:00\",\"description\":\"22. Susret energeti\u010dara Slavonije i BaranjePo\u017eega, 2025. godine Godi\u0161nji Susret energeti\u010dara Slavonije i Baranje organiziralo je DE Po\u017eega. Susret je\",\"breadcrumb\":{\"@id\":\"https:\/\/energeticar.hr\/index.php\/2025\/06\/03\/22-susreti-energeticara-slavonije-i-baranje-pozega-2025-godine\/#breadcrumb\"},\"inLanguage\":\"en-US\",\"potentialAction\":[{\"@type\":\"ReadAction\",\"target\":[\"https:\/\/energeticar.hr\/index.php\/2025\/06\/03\/22-susreti-energeticara-slavonije-i-baranje-pozega-2025-godine\/\"]}]},{\"@type\":\"ImageObject\",\"inLanguage\":\"en-US\",\"@id\":\"https:\/\/energeticar.hr\/index.php\/2025\/06\/03\/22-susreti-energeticara-slavonije-i-baranje-pozega-2025-godine\/#primaryimage\",\"url\":\"https:\/\/energeticar.hr\/wp-content\/uploads\/2025\/06\/20250603_133954.jpg\",\"contentUrl\":\"https:\/\/energeticar.hr\/wp-content\/uploads\/2025\/06\/20250603_133954.jpg\",\"width\":1600,\"height\":900},{\"@type\":\"BreadcrumbList\",\"@id\":\"https:\/\/energeticar.hr\/index.php\/2025\/06\/03\/22-susreti-energeticara-slavonije-i-baranje-pozega-2025-godine\/#breadcrumb\",\"itemListElement\":[{\"@type\":\"ListItem\",\"position\":1,\"name\":\"Home\",\"item\":\"https:\/\/energeticar.hr\/\"},{\"@type\":\"ListItem\",\"position\":2,\"name\":\"22. Susret energeti\u010dara Slavonije i Baranje Po\u017eega, 2025. godine\"}]},{\"@type\":\"WebSite\",\"@id\":\"https:\/\/energeticar.hr\/#website\",\"url\":\"https:\/\/energeticar.hr\/\",\"name\":\"Savez energeti\u010dara Slavonije i Baranje\",\"description\":\"SESIB\",\"publisher\":{\"@id\":\"https:\/\/energeticar.hr\/#organization\"},\"potentialAction\":[{\"@type\":\"SearchAction\",\"target\":{\"@type\":\"EntryPoint\",\"urlTemplate\":\"https:\/\/energeticar.hr\/?s={search_term_string}\"},\"query-input\":{\"@type\":\"PropertyValueSpecification\",\"valueRequired\":true,\"valueName\":\"search_term_string\"}}],\"inLanguage\":\"en-US\"},{\"@type\":\"Organization\",\"@id\":\"https:\/\/energeticar.hr\/#organization\",\"name\":\"Savez energeti\u010dara Slavonije i Baranje\",\"url\":\"https:\/\/energeticar.hr\/\",\"logo\":{\"@type\":\"ImageObject\",\"inLanguage\":\"en-US\",\"@id\":\"https:\/\/energeticar.hr\/#\/schema\/logo\/image\/\",\"url\":\"https:\/\/energeticar.hr\/wp-content\/uploads\/2024\/02\/SESiB-logo-SMALL-1.png\",\"contentUrl\":\"https:\/\/energeticar.hr\/wp-content\/uploads\/2024\/02\/SESiB-logo-SMALL-1.png\",\"width\":110,\"height\":101,\"caption\":\"Savez energeti\u010dara Slavonije i Baranje\"},\"image\":{\"@id\":\"https:\/\/energeticar.hr\/#\/schema\/logo\/image\/\"}},{\"@type\":\"Person\",\"@id\":\"https:\/\/energeticar.hr\/#\/schema\/person\/f7724fe9a0486c36396a1d74adc60c3f\",\"name\":\"sesib\",\"image\":{\"@type\":\"ImageObject\",\"inLanguage\":\"en-US\",\"@id\":\"https:\/\/energeticar.hr\/#\/schema\/person\/image\/\",\"url\":\"https:\/\/secure.gravatar.com\/avatar\/468459074fb1f72d3026475883ba7b5c2540bc8d8741e496e37fcd474fa56f8f?s=96&d=mm&r=g\",\"contentUrl\":\"https:\/\/secure.gravatar.com\/avatar\/468459074fb1f72d3026475883ba7b5c2540bc8d8741e496e37fcd474fa56f8f?s=96&d=mm&r=g\",\"caption\":\"sesib\"},\"sameAs\":[\"http:\/\/energeticar.free.nf\"]}]}<\/script>\n<!-- \/ Yoast SEO plugin. -->","yoast_head_json":{"title":"22. Susret energeti\u010dara Slavonije i Baranje Po\u017eega, 2025. godine - Savez energeti\u010dara Slavonije i Baranje","description":"22. Susret energeti\u010dara Slavonije i BaranjePo\u017eega, 2025. godine Godi\u0161nji Susret energeti\u010dara Slavonije i Baranje organiziralo je DE Po\u017eega. Susret je","robots":{"index":"index","follow":"follow","max-snippet":"max-snippet:-1","max-image-preview":"max-image-preview:large","max-video-preview":"max-video-preview:-1"},"canonical":"https:\/\/energeticar.hr\/index.php\/2025\/06\/03\/22-susreti-energeticara-slavonije-i-baranje-pozega-2025-godine\/","og_locale":"en_US","og_type":"article","og_title":"22. Susret energeti\u010dara Slavonije i Baranje Po\u017eega, 2025. godine - Savez energeti\u010dara Slavonije i Baranje","og_description":"22. Susret energeti\u010dara Slavonije i BaranjePo\u017eega, 2025. godine Godi\u0161nji Susret energeti\u010dara Slavonije i Baranje organiziralo je DE Po\u017eega. Susret je","og_url":"https:\/\/energeticar.hr\/index.php\/2025\/06\/03\/22-susreti-energeticara-slavonije-i-baranje-pozega-2025-godine\/","og_site_name":"Savez energeti\u010dara Slavonije i Baranje","article_published_time":"2025-06-03T12:13:20+00:00","article_modified_time":"2025-06-03T12:30:12+00:00","og_image":[{"width":1600,"height":900,"url":"https:\/\/energeticar.hr\/wp-content\/uploads\/2025\/06\/20250603_133954.jpg","type":"image\/jpeg"}],"author":"sesib","twitter_card":"summary_large_image","twitter_misc":{"Written by":"sesib","Est. reading time":"3 minutes"},"schema":{"@context":"https:\/\/schema.org","@graph":[{"@type":"Article","@id":"https:\/\/energeticar.hr\/index.php\/2025\/06\/03\/22-susreti-energeticara-slavonije-i-baranje-pozega-2025-godine\/#article","isPartOf":{"@id":"https:\/\/energeticar.hr\/index.php\/2025\/06\/03\/22-susreti-energeticara-slavonije-i-baranje-pozega-2025-godine\/"},"author":{"name":"sesib","@id":"https:\/\/energeticar.hr\/#\/schema\/person\/f7724fe9a0486c36396a1d74adc60c3f"},"headline":"22. Susret energeti\u010dara Slavonije i Baranje Po\u017eega, 2025. godine","datePublished":"2025-06-03T12:13:20+00:00","dateModified":"2025-06-03T12:30:12+00:00","mainEntityOfPage":{"@id":"https:\/\/energeticar.hr\/index.php\/2025\/06\/03\/22-susreti-energeticara-slavonije-i-baranje-pozega-2025-godine\/"},"wordCount":130,"publisher":{"@id":"https:\/\/energeticar.hr\/#organization"},"image":{"@id":"https:\/\/energeticar.hr\/index.php\/2025\/06\/03\/22-susreti-energeticara-slavonije-i-baranje-pozega-2025-godine\/#primaryimage"},"thumbnailUrl":"https:\/\/energeticar.hr\/wp-content\/uploads\/2025\/06\/20250603_133954.jpg","keywords":["Susreti SESIB"],"articleSection":["Aktualno SESiB"],"inLanguage":"en-US"},{"@type":"WebPage","@id":"https:\/\/energeticar.hr\/index.php\/2025\/06\/03\/22-susreti-energeticara-slavonije-i-baranje-pozega-2025-godine\/","url":"https:\/\/energeticar.hr\/index.php\/2025\/06\/03\/22-susreti-energeticara-slavonije-i-baranje-pozega-2025-godine\/","name":"22. Susret energeti\u010dara Slavonije i Baranje Po\u017eega, 2025. godine - Savez energeti\u010dara Slavonije i Baranje","isPartOf":{"@id":"https:\/\/energeticar.hr\/#website"},"primaryImageOfPage":{"@id":"https:\/\/energeticar.hr\/index.php\/2025\/06\/03\/22-susreti-energeticara-slavonije-i-baranje-pozega-2025-godine\/#primaryimage"},"image":{"@id":"https:\/\/energeticar.hr\/index.php\/2025\/06\/03\/22-susreti-energeticara-slavonije-i-baranje-pozega-2025-godine\/#primaryimage"},"thumbnailUrl":"https:\/\/energeticar.hr\/wp-content\/uploads\/2025\/06\/20250603_133954.jpg","datePublished":"2025-06-03T12:13:20+00:00","dateModified":"2025-06-03T12:30:12+00:00","description":"22. Susret energeti\u010dara Slavonije i BaranjePo\u017eega, 2025. godine Godi\u0161nji Susret energeti\u010dara Slavonije i Baranje organiziralo je DE Po\u017eega. Susret je","breadcrumb":{"@id":"https:\/\/energeticar.hr\/index.php\/2025\/06\/03\/22-susreti-energeticara-slavonije-i-baranje-pozega-2025-godine\/#breadcrumb"},"inLanguage":"en-US","potentialAction":[{"@type":"ReadAction","target":["https:\/\/energeticar.hr\/index.php\/2025\/06\/03\/22-susreti-energeticara-slavonije-i-baranje-pozega-2025-godine\/"]}]},{"@type":"ImageObject","inLanguage":"en-US","@id":"https:\/\/energeticar.hr\/index.php\/2025\/06\/03\/22-susreti-energeticara-slavonije-i-baranje-pozega-2025-godine\/#primaryimage","url":"https:\/\/energeticar.hr\/wp-content\/uploads\/2025\/06\/20250603_133954.jpg","contentUrl":"https:\/\/energeticar.hr\/wp-content\/uploads\/2025\/06\/20250603_133954.jpg","width":1600,"height":900},{"@type":"BreadcrumbList","@id":"https:\/\/energeticar.hr\/index.php\/2025\/06\/03\/22-susreti-energeticara-slavonije-i-baranje-pozega-2025-godine\/#breadcrumb","itemListElement":[{"@type":"ListItem","position":1,"name":"Home","item":"https:\/\/energeticar.hr\/"},{"@type":"ListItem","position":2,"name":"22. Susret energeti\u010dara Slavonije i Baranje Po\u017eega, 2025. godine"}]},{"@type":"WebSite","@id":"https:\/\/energeticar.hr\/#website","url":"https:\/\/energeticar.hr\/","name":"Savez energeti\u010dara Slavonije i Baranje","description":"SESIB","publisher":{"@id":"https:\/\/energeticar.hr\/#organization"},"potentialAction":[{"@type":"SearchAction","target":{"@type":"EntryPoint","urlTemplate":"https:\/\/energeticar.hr\/?s={search_term_string}"},"query-input":{"@type":"PropertyValueSpecification","valueRequired":true,"valueName":"search_term_string"}}],"inLanguage":"en-US"},{"@type":"Organization","@id":"https:\/\/energeticar.hr\/#organization","name":"Savez energeti\u010dara Slavonije i Baranje","url":"https:\/\/energeticar.hr\/","logo":{"@type":"ImageObject","inLanguage":"en-US","@id":"https:\/\/energeticar.hr\/#\/schema\/logo\/image\/","url":"https:\/\/energeticar.hr\/wp-content\/uploads\/2024\/02\/SESiB-logo-SMALL-1.png","contentUrl":"https:\/\/energeticar.hr\/wp-content\/uploads\/2024\/02\/SESiB-logo-SMALL-1.png","width":110,"height":101,"caption":"Savez energeti\u010dara Slavonije i Baranje"},"image":{"@id":"https:\/\/energeticar.hr\/#\/schema\/logo\/image\/"}},{"@type":"Person","@id":"https:\/\/energeticar.hr\/#\/schema\/person\/f7724fe9a0486c36396a1d74adc60c3f","name":"sesib","image":{"@type":"ImageObject","inLanguage":"en-US","@id":"https:\/\/energeticar.hr\/#\/schema\/person\/image\/","url":"https:\/\/secure.gravatar.com\/avatar\/468459074fb1f72d3026475883ba7b5c2540bc8d8741e496e37fcd474fa56f8f?s=96&d=mm&r=g","contentUrl":"https:\/\/secure.gravatar.com\/avatar\/468459074fb1f72d3026475883ba7b5c2540bc8d8741e496e37fcd474fa56f8f?s=96&d=mm&r=g","caption":"sesib"},"sameAs":["http:\/\/energeticar.free.nf"]}]}},"_links":{"self":[{"href":"https:\/\/energeticar.hr\/index.php\/wp-json\/wp\/v2\/posts\/4422","targetHints":{"allow":["GET"]}}],"collection":[{"href":"https:\/\/energeticar.hr\/index.php\/wp-json\/wp\/v2\/posts"}],"about":[{"href":"https:\/\/energeticar.hr\/index.php\/wp-json\/wp\/v2\/types\/post"}],"author":[{"embeddable":true,"href":"https:\/\/energeticar.hr\/index.php\/wp-json\/wp\/v2\/users\/1"}],"replies":[{"embeddable":true,"href":"https:\/\/energeticar.hr\/index.php\/wp-json\/wp\/v2\/comments?post=4422"}],"version-history":[{"count":7,"href":"https:\/\/energeticar.hr\/index.php\/wp-json\/wp\/v2\/posts\/4422\/revisions"}],"predecessor-version":[{"id":4444,"href":"https:\/\/energeticar.hr\/index.php\/wp-json\/wp\/v2\/posts\/4422\/revisions\/4444"}],"wp:featuredmedia":[{"embeddable":true,"href":"https:\/\/energeticar.hr\/index.php\/wp-json\/wp\/v2\/media\/4425"}],"wp:attachment":[{"href":"https:\/\/energeticar.hr\/index.php\/wp-json\/wp\/v2\/media?parent=4422"}],"wp:term":[{"taxonomy":"category","embeddable":true,"href":"https:\/\/energeticar.hr\/index.php\/wp-json\/wp\/v2\/categories?post=4422"},{"taxonomy":"post_tag","embeddable":true,"href":"https:\/\/energeticar.hr\/index.php\/wp-json\/wp\/v2\/tags?post=4422"}],"curies":[{"name":"wp","href":"https:\/\/api.w.org\/{rel}","templated":true}]}}