{"id":3538,"date":"2016-08-21T12:25:00","date_gmt":"2016-08-21T12:25:00","guid":{"rendered":"http:\/\/energeticar.free.nf\/?p=3538"},"modified":"2025-01-01T20:56:48","modified_gmt":"2025-01-01T20:56:48","slug":"strucna-ekskurzija-seh-a-u-2016-godini-bec-bratislava","status":"publish","type":"post","link":"https:\/\/energeticar.hr\/index.php\/2016\/08\/21\/strucna-ekskurzija-seh-a-u-2016-godini-bec-bratislava\/","title":{"rendered":"Stru\u010dna ekskurzija SEH-a u 2016. godini Be\u010d-Bratislava"},"content":{"rendered":"\n<h1 class=\" wp-block-heading eplus-wrapper\">Stru\u010dna ekskurzija SEH-a u 2016. godini u Be\u010d-Bratislavu<\/h1>\n\n\n<div class=\"wp-block-columns eplus-wrapper is-layout-flex wp-container-core-columns-is-layout-9d6595d7 wp-block-columns-is-layout-flex eplus-styles-uid-a6d54a\">\n<div class=\"wp-block-column eplus-wrapper is-layout-flow wp-block-column-is-layout-flow\">\n<figure class=\" wp-block-image size-large eplus-wrapper\"><img loading=\"lazy\" decoding=\"async\" width=\"768\" height=\"1024\" src=\"http:\/\/energeticar.free.nf\/wp-content\/uploads\/2024\/08\/IMG_0346-768x1024.jpg\" alt=\"\" class=\"wp-image-3542\" srcset=\"https:\/\/energeticar.hr\/wp-content\/uploads\/2024\/08\/IMG_0346-768x1024.jpg 768w, https:\/\/energeticar.hr\/wp-content\/uploads\/2024\/08\/IMG_0346-225x300.jpg 225w, https:\/\/energeticar.hr\/wp-content\/uploads\/2024\/08\/IMG_0346-1152x1536.jpg 1152w, https:\/\/energeticar.hr\/wp-content\/uploads\/2024\/08\/IMG_0346-1536x2048.jpg 1536w, https:\/\/energeticar.hr\/wp-content\/uploads\/2024\/08\/IMG_0346-scaled.jpg 1920w\" sizes=\"auto, (max-width: 768px) 100vw, 768px\" \/><\/figure>\n\n\n<figure class=\" wp-block-image size-large eplus-wrapper eplus-styles-uid-4c785f\"><img loading=\"lazy\" decoding=\"async\" width=\"1024\" height=\"768\" src=\"http:\/\/energeticar.free.nf\/wp-content\/uploads\/2024\/08\/IMG_0268-1024x768.jpg\" alt=\"\" class=\"wp-image-3540\" srcset=\"https:\/\/energeticar.hr\/wp-content\/uploads\/2024\/08\/IMG_0268-1024x768.jpg 1024w, https:\/\/energeticar.hr\/wp-content\/uploads\/2024\/08\/IMG_0268-300x225.jpg 300w, https:\/\/energeticar.hr\/wp-content\/uploads\/2024\/08\/IMG_0268-768x576.jpg 768w, https:\/\/energeticar.hr\/wp-content\/uploads\/2024\/08\/IMG_0268-1536x1152.jpg 1536w, https:\/\/energeticar.hr\/wp-content\/uploads\/2024\/08\/IMG_0268-2048x1536.jpg 2048w\" sizes=\"auto, (max-width: 1024px) 100vw, 1024px\" \/><\/figure>\n\n<figure class=\" wp-block-image size-large eplus-wrapper eplus-styles-uid-4c785f\"><img loading=\"lazy\" decoding=\"async\" width=\"1024\" height=\"768\" src=\"http:\/\/energeticar.free.nf\/wp-content\/uploads\/2024\/08\/IMG_0300-1024x768.jpg\" alt=\"\" class=\"wp-image-3541\" srcset=\"https:\/\/energeticar.hr\/wp-content\/uploads\/2024\/08\/IMG_0300-1024x768.jpg 1024w, https:\/\/energeticar.hr\/wp-content\/uploads\/2024\/08\/IMG_0300-300x225.jpg 300w, https:\/\/energeticar.hr\/wp-content\/uploads\/2024\/08\/IMG_0300-768x576.jpg 768w, https:\/\/energeticar.hr\/wp-content\/uploads\/2024\/08\/IMG_0300-1536x1152.jpg 1536w, https:\/\/energeticar.hr\/wp-content\/uploads\/2024\/08\/IMG_0300-2048x1536.jpg 2048w\" sizes=\"auto, (max-width: 1024px) 100vw, 1024px\" \/><\/figure>\n\n<figure class=\" wp-block-image size-large eplus-wrapper eplus-styles-uid-4c785f\"><img loading=\"lazy\" decoding=\"async\" width=\"768\" height=\"1024\" src=\"http:\/\/energeticar.free.nf\/wp-content\/uploads\/2024\/08\/IMG_0360-768x1024.jpg\" alt=\"\" class=\"wp-image-3543\" srcset=\"https:\/\/energeticar.hr\/wp-content\/uploads\/2024\/08\/IMG_0360-768x1024.jpg 768w, https:\/\/energeticar.hr\/wp-content\/uploads\/2024\/08\/IMG_0360-225x300.jpg 225w, https:\/\/energeticar.hr\/wp-content\/uploads\/2024\/08\/IMG_0360-1152x1536.jpg 1152w, https:\/\/energeticar.hr\/wp-content\/uploads\/2024\/08\/IMG_0360-1536x2048.jpg 1536w, https:\/\/energeticar.hr\/wp-content\/uploads\/2024\/08\/IMG_0360-scaled.jpg 1920w\" sizes=\"auto, (max-width: 768px) 100vw, 768px\" \/><\/figure>\n\n<figure class=\" wp-block-image size-large eplus-wrapper eplus-styles-uid-4c785f\"><img loading=\"lazy\" decoding=\"async\" width=\"1024\" height=\"768\" src=\"http:\/\/energeticar.free.nf\/wp-content\/uploads\/2024\/08\/IMG_0621-1024x768.jpg\" alt=\"\" class=\"wp-image-3544\" srcset=\"https:\/\/energeticar.hr\/wp-content\/uploads\/2024\/08\/IMG_0621-1024x768.jpg 1024w, https:\/\/energeticar.hr\/wp-content\/uploads\/2024\/08\/IMG_0621-300x225.jpg 300w, https:\/\/energeticar.hr\/wp-content\/uploads\/2024\/08\/IMG_0621-768x576.jpg 768w, https:\/\/energeticar.hr\/wp-content\/uploads\/2024\/08\/IMG_0621-1536x1152.jpg 1536w, https:\/\/energeticar.hr\/wp-content\/uploads\/2024\/08\/IMG_0621-2048x1536.jpg 2048w\" sizes=\"auto, (max-width: 1024px) 100vw, 1024px\" \/><\/figure><\/div>\n\n\n\n<div class=\"wp-block-column eplus-wrapper is-layout-flow wp-block-column-is-layout-flow\">\n<p class=\" has-medium-font-size eplus-wrapper\">\u010clanovi Saveza energeti\u010dara Slavonije i Baranje u 2016. godini u\u010destvovali su u ekskurziji u organizaciji Saveza energeti\u010dara Hrvatske u Be\u010d i Btratislavu.<\/p>\n<\/div>\n<\/div>","protected":false},"excerpt":{"rendered":"<p>Stru\u010dna ekskurzija SEH-a u 2016. godini u Be\u010d-Bratislavu \u010clanovi Saveza energeti\u010dara Slavonije i Baranje u 2016. godini u\u010destvovali su u ekskurziji u organizaciji Saveza energeti\u010dara Hrvatske u Be\u010d i Btratislavu.<\/p>\n","protected":false},"author":1,"featured_media":3542,"comment_status":"closed","ping_status":"closed","sticky":false,"template":"","format":"standard","meta":{"editor_plus_copied_stylings":"{}","footnotes":""},"categories":[15],"tags":[23],"class_list":["post-3538","post","type-post","status-publish","format-standard","has-post-thumbnail","hentry","category-aktualno-sesib","tag-ekskurzije-sesib"],"yoast_head":"<!-- This site is optimized with the Yoast SEO plugin v26.8 - https:\/\/yoast.com\/product\/yoast-seo-wordpress\/ -->\n<title>Stru\u010dna ekskurzija SEH-a u 2016. godini Be\u010d-Bratislava - Savez energeti\u010dara Slavonije i Baranje<\/title>\n<meta name=\"description\" content=\"Stru\u010dna ekskurzija SEH-a u 2016. godini u Be\u010d-Bratislavu \u010clanovi Saveza energeti\u010dara Slavonije i Baranje u 2016. godini u\u010destvovali su u ekskurziji u\" \/>\n<meta name=\"robots\" content=\"noindex, nofollow\" \/>\n<meta property=\"og:locale\" content=\"en_US\" \/>\n<meta property=\"og:type\" content=\"article\" \/>\n<meta property=\"og:title\" content=\"Stru\u010dna ekskurzija SEH-a u 2016. godini Be\u010d-Bratislava - Savez energeti\u010dara Slavonije i Baranje\" \/>\n<meta property=\"og:description\" content=\"Stru\u010dna ekskurzija SEH-a u 2016. godini u Be\u010d-Bratislavu \u010clanovi Saveza energeti\u010dara Slavonije i Baranje u 2016. godini u\u010destvovali su u ekskurziji u\" \/>\n<meta property=\"og:url\" content=\"https:\/\/energeticar.hr\/index.php\/2016\/08\/21\/strucna-ekskurzija-seh-a-u-2016-godini-bec-bratislava\/\" \/>\n<meta property=\"og:site_name\" content=\"Savez energeti\u010dara Slavonije i Baranje\" \/>\n<meta property=\"article:published_time\" content=\"2016-08-21T12:25:00+00:00\" \/>\n<meta property=\"article:modified_time\" content=\"2025-01-01T20:56:48+00:00\" \/>\n<meta property=\"og:image\" content=\"https:\/\/energeticar.hr\/wp-content\/uploads\/2024\/08\/IMG_0346-scaled.jpg\" \/>\n\t<meta property=\"og:image:width\" content=\"1920\" \/>\n\t<meta property=\"og:image:height\" content=\"2560\" \/>\n\t<meta property=\"og:image:type\" content=\"image\/jpeg\" \/>\n<meta name=\"author\" content=\"sesib\" \/>\n<meta name=\"twitter:card\" content=\"summary_large_image\" \/>\n<meta name=\"twitter:label1\" content=\"Written by\" \/>\n\t<meta name=\"twitter:data1\" content=\"sesib\" \/>\n\t<meta name=\"twitter:label2\" content=\"Est. reading time\" \/>\n\t<meta name=\"twitter:data2\" content=\"2 minutes\" \/>\n<script type=\"application\/ld+json\" class=\"yoast-schema-graph\">{\"@context\":\"https:\/\/schema.org\",\"@graph\":[{\"@type\":\"Article\",\"@id\":\"https:\/\/energeticar.hr\/index.php\/2016\/08\/21\/strucna-ekskurzija-seh-a-u-2016-godini-bec-bratislava\/#article\",\"isPartOf\":{\"@id\":\"https:\/\/energeticar.hr\/index.php\/2016\/08\/21\/strucna-ekskurzija-seh-a-u-2016-godini-bec-bratislava\/\"},\"author\":{\"name\":\"sesib\",\"@id\":\"https:\/\/energeticar.hr\/#\/schema\/person\/f7724fe9a0486c36396a1d74adc60c3f\"},\"headline\":\"Stru\u010dna ekskurzija SEH-a u 2016. godini Be\u010d-Bratislava\",\"datePublished\":\"2016-08-21T12:25:00+00:00\",\"dateModified\":\"2025-01-01T20:56:48+00:00\",\"mainEntityOfPage\":{\"@id\":\"https:\/\/energeticar.hr\/index.php\/2016\/08\/21\/strucna-ekskurzija-seh-a-u-2016-godini-bec-bratislava\/\"},\"wordCount\":41,\"publisher\":{\"@id\":\"https:\/\/energeticar.hr\/#organization\"},\"image\":{\"@id\":\"https:\/\/energeticar.hr\/index.php\/2016\/08\/21\/strucna-ekskurzija-seh-a-u-2016-godini-bec-bratislava\/#primaryimage\"},\"thumbnailUrl\":\"https:\/\/energeticar.hr\/wp-content\/uploads\/2024\/08\/IMG_0346-scaled.jpg\",\"keywords\":[\"Ekskurzije SESIB\"],\"articleSection\":[\"Aktualno SESiB\"],\"inLanguage\":\"en-US\"},{\"@type\":\"WebPage\",\"@id\":\"https:\/\/energeticar.hr\/index.php\/2016\/08\/21\/strucna-ekskurzija-seh-a-u-2016-godini-bec-bratislava\/\",\"url\":\"https:\/\/energeticar.hr\/index.php\/2016\/08\/21\/strucna-ekskurzija-seh-a-u-2016-godini-bec-bratislava\/\",\"name\":\"Stru\u010dna ekskurzija SEH-a u 2016. godini Be\u010d-Bratislava - Savez energeti\u010dara Slavonije i Baranje\",\"isPartOf\":{\"@id\":\"https:\/\/energeticar.hr\/#website\"},\"primaryImageOfPage\":{\"@id\":\"https:\/\/energeticar.hr\/index.php\/2016\/08\/21\/strucna-ekskurzija-seh-a-u-2016-godini-bec-bratislava\/#primaryimage\"},\"image\":{\"@id\":\"https:\/\/energeticar.hr\/index.php\/2016\/08\/21\/strucna-ekskurzija-seh-a-u-2016-godini-bec-bratislava\/#primaryimage\"},\"thumbnailUrl\":\"https:\/\/energeticar.hr\/wp-content\/uploads\/2024\/08\/IMG_0346-scaled.jpg\",\"datePublished\":\"2016-08-21T12:25:00+00:00\",\"dateModified\":\"2025-01-01T20:56:48+00:00\",\"description\":\"Stru\u010dna ekskurzija SEH-a u 2016. godini u Be\u010d-Bratislavu \u010clanovi Saveza energeti\u010dara Slavonije i Baranje u 2016. godini u\u010destvovali su u ekskurziji u\",\"breadcrumb\":{\"@id\":\"https:\/\/energeticar.hr\/index.php\/2016\/08\/21\/strucna-ekskurzija-seh-a-u-2016-godini-bec-bratislava\/#breadcrumb\"},\"inLanguage\":\"en-US\",\"potentialAction\":[{\"@type\":\"ReadAction\",\"target\":[\"https:\/\/energeticar.hr\/index.php\/2016\/08\/21\/strucna-ekskurzija-seh-a-u-2016-godini-bec-bratislava\/\"]}]},{\"@type\":\"ImageObject\",\"inLanguage\":\"en-US\",\"@id\":\"https:\/\/energeticar.hr\/index.php\/2016\/08\/21\/strucna-ekskurzija-seh-a-u-2016-godini-bec-bratislava\/#primaryimage\",\"url\":\"https:\/\/energeticar.hr\/wp-content\/uploads\/2024\/08\/IMG_0346-scaled.jpg\",\"contentUrl\":\"https:\/\/energeticar.hr\/wp-content\/uploads\/2024\/08\/IMG_0346-scaled.jpg\",\"width\":1920,\"height\":2560},{\"@type\":\"BreadcrumbList\",\"@id\":\"https:\/\/energeticar.hr\/index.php\/2016\/08\/21\/strucna-ekskurzija-seh-a-u-2016-godini-bec-bratislava\/#breadcrumb\",\"itemListElement\":[{\"@type\":\"ListItem\",\"position\":1,\"name\":\"Home\",\"item\":\"https:\/\/energeticar.hr\/\"},{\"@type\":\"ListItem\",\"position\":2,\"name\":\"Stru\u010dna ekskurzija SEH-a u 2016. godini Be\u010d-Bratislava\"}]},{\"@type\":\"WebSite\",\"@id\":\"https:\/\/energeticar.hr\/#website\",\"url\":\"https:\/\/energeticar.hr\/\",\"name\":\"Savez energeti\u010dara Slavonije i Baranje\",\"description\":\"SESIB\",\"publisher\":{\"@id\":\"https:\/\/energeticar.hr\/#organization\"},\"potentialAction\":[{\"@type\":\"SearchAction\",\"target\":{\"@type\":\"EntryPoint\",\"urlTemplate\":\"https:\/\/energeticar.hr\/?s={search_term_string}\"},\"query-input\":{\"@type\":\"PropertyValueSpecification\",\"valueRequired\":true,\"valueName\":\"search_term_string\"}}],\"inLanguage\":\"en-US\"},{\"@type\":\"Organization\",\"@id\":\"https:\/\/energeticar.hr\/#organization\",\"name\":\"Savez energeti\u010dara Slavonije i Baranje\",\"url\":\"https:\/\/energeticar.hr\/\",\"logo\":{\"@type\":\"ImageObject\",\"inLanguage\":\"en-US\",\"@id\":\"https:\/\/energeticar.hr\/#\/schema\/logo\/image\/\",\"url\":\"https:\/\/energeticar.hr\/wp-content\/uploads\/2024\/02\/SESiB-logo-SMALL-1.png\",\"contentUrl\":\"https:\/\/energeticar.hr\/wp-content\/uploads\/2024\/02\/SESiB-logo-SMALL-1.png\",\"width\":110,\"height\":101,\"caption\":\"Savez energeti\u010dara Slavonije i Baranje\"},\"image\":{\"@id\":\"https:\/\/energeticar.hr\/#\/schema\/logo\/image\/\"}},{\"@type\":\"Person\",\"@id\":\"https:\/\/energeticar.hr\/#\/schema\/person\/f7724fe9a0486c36396a1d74adc60c3f\",\"name\":\"sesib\",\"image\":{\"@type\":\"ImageObject\",\"inLanguage\":\"en-US\",\"@id\":\"https:\/\/energeticar.hr\/#\/schema\/person\/image\/\",\"url\":\"https:\/\/secure.gravatar.com\/avatar\/468459074fb1f72d3026475883ba7b5c2540bc8d8741e496e37fcd474fa56f8f?s=96&d=mm&r=g\",\"contentUrl\":\"https:\/\/secure.gravatar.com\/avatar\/468459074fb1f72d3026475883ba7b5c2540bc8d8741e496e37fcd474fa56f8f?s=96&d=mm&r=g\",\"caption\":\"sesib\"},\"sameAs\":[\"http:\/\/energeticar.free.nf\"]}]}<\/script>\n<!-- \/ Yoast SEO plugin. -->","yoast_head_json":{"title":"Stru\u010dna ekskurzija SEH-a u 2016. godini Be\u010d-Bratislava - Savez energeti\u010dara Slavonije i Baranje","description":"Stru\u010dna ekskurzija SEH-a u 2016. godini u Be\u010d-Bratislavu \u010clanovi Saveza energeti\u010dara Slavonije i Baranje u 2016. godini u\u010destvovali su u ekskurziji u","robots":{"index":"noindex","follow":"nofollow"},"og_locale":"en_US","og_type":"article","og_title":"Stru\u010dna ekskurzija SEH-a u 2016. godini Be\u010d-Bratislava - Savez energeti\u010dara Slavonije i Baranje","og_description":"Stru\u010dna ekskurzija SEH-a u 2016. godini u Be\u010d-Bratislavu \u010clanovi Saveza energeti\u010dara Slavonije i Baranje u 2016. godini u\u010destvovali su u ekskurziji u","og_url":"https:\/\/energeticar.hr\/index.php\/2016\/08\/21\/strucna-ekskurzija-seh-a-u-2016-godini-bec-bratislava\/","og_site_name":"Savez energeti\u010dara Slavonije i Baranje","article_published_time":"2016-08-21T12:25:00+00:00","article_modified_time":"2025-01-01T20:56:48+00:00","og_image":[{"width":1920,"height":2560,"url":"https:\/\/energeticar.hr\/wp-content\/uploads\/2024\/08\/IMG_0346-scaled.jpg","type":"image\/jpeg"}],"author":"sesib","twitter_card":"summary_large_image","twitter_misc":{"Written by":"sesib","Est. reading time":"2 minutes"},"schema":{"@context":"https:\/\/schema.org","@graph":[{"@type":"Article","@id":"https:\/\/energeticar.hr\/index.php\/2016\/08\/21\/strucna-ekskurzija-seh-a-u-2016-godini-bec-bratislava\/#article","isPartOf":{"@id":"https:\/\/energeticar.hr\/index.php\/2016\/08\/21\/strucna-ekskurzija-seh-a-u-2016-godini-bec-bratislava\/"},"author":{"name":"sesib","@id":"https:\/\/energeticar.hr\/#\/schema\/person\/f7724fe9a0486c36396a1d74adc60c3f"},"headline":"Stru\u010dna ekskurzija SEH-a u 2016. godini Be\u010d-Bratislava","datePublished":"2016-08-21T12:25:00+00:00","dateModified":"2025-01-01T20:56:48+00:00","mainEntityOfPage":{"@id":"https:\/\/energeticar.hr\/index.php\/2016\/08\/21\/strucna-ekskurzija-seh-a-u-2016-godini-bec-bratislava\/"},"wordCount":41,"publisher":{"@id":"https:\/\/energeticar.hr\/#organization"},"image":{"@id":"https:\/\/energeticar.hr\/index.php\/2016\/08\/21\/strucna-ekskurzija-seh-a-u-2016-godini-bec-bratislava\/#primaryimage"},"thumbnailUrl":"https:\/\/energeticar.hr\/wp-content\/uploads\/2024\/08\/IMG_0346-scaled.jpg","keywords":["Ekskurzije SESIB"],"articleSection":["Aktualno SESiB"],"inLanguage":"en-US"},{"@type":"WebPage","@id":"https:\/\/energeticar.hr\/index.php\/2016\/08\/21\/strucna-ekskurzija-seh-a-u-2016-godini-bec-bratislava\/","url":"https:\/\/energeticar.hr\/index.php\/2016\/08\/21\/strucna-ekskurzija-seh-a-u-2016-godini-bec-bratislava\/","name":"Stru\u010dna ekskurzija SEH-a u 2016. godini Be\u010d-Bratislava - Savez energeti\u010dara Slavonije i Baranje","isPartOf":{"@id":"https:\/\/energeticar.hr\/#website"},"primaryImageOfPage":{"@id":"https:\/\/energeticar.hr\/index.php\/2016\/08\/21\/strucna-ekskurzija-seh-a-u-2016-godini-bec-bratislava\/#primaryimage"},"image":{"@id":"https:\/\/energeticar.hr\/index.php\/2016\/08\/21\/strucna-ekskurzija-seh-a-u-2016-godini-bec-bratislava\/#primaryimage"},"thumbnailUrl":"https:\/\/energeticar.hr\/wp-content\/uploads\/2024\/08\/IMG_0346-scaled.jpg","datePublished":"2016-08-21T12:25:00+00:00","dateModified":"2025-01-01T20:56:48+00:00","description":"Stru\u010dna ekskurzija SEH-a u 2016. godini u Be\u010d-Bratislavu \u010clanovi Saveza energeti\u010dara Slavonije i Baranje u 2016. godini u\u010destvovali su u ekskurziji u","breadcrumb":{"@id":"https:\/\/energeticar.hr\/index.php\/2016\/08\/21\/strucna-ekskurzija-seh-a-u-2016-godini-bec-bratislava\/#breadcrumb"},"inLanguage":"en-US","potentialAction":[{"@type":"ReadAction","target":["https:\/\/energeticar.hr\/index.php\/2016\/08\/21\/strucna-ekskurzija-seh-a-u-2016-godini-bec-bratislava\/"]}]},{"@type":"ImageObject","inLanguage":"en-US","@id":"https:\/\/energeticar.hr\/index.php\/2016\/08\/21\/strucna-ekskurzija-seh-a-u-2016-godini-bec-bratislava\/#primaryimage","url":"https:\/\/energeticar.hr\/wp-content\/uploads\/2024\/08\/IMG_0346-scaled.jpg","contentUrl":"https:\/\/energeticar.hr\/wp-content\/uploads\/2024\/08\/IMG_0346-scaled.jpg","width":1920,"height":2560},{"@type":"BreadcrumbList","@id":"https:\/\/energeticar.hr\/index.php\/2016\/08\/21\/strucna-ekskurzija-seh-a-u-2016-godini-bec-bratislava\/#breadcrumb","itemListElement":[{"@type":"ListItem","position":1,"name":"Home","item":"https:\/\/energeticar.hr\/"},{"@type":"ListItem","position":2,"name":"Stru\u010dna ekskurzija SEH-a u 2016. godini Be\u010d-Bratislava"}]},{"@type":"WebSite","@id":"https:\/\/energeticar.hr\/#website","url":"https:\/\/energeticar.hr\/","name":"Savez energeti\u010dara Slavonije i Baranje","description":"SESIB","publisher":{"@id":"https:\/\/energeticar.hr\/#organization"},"potentialAction":[{"@type":"SearchAction","target":{"@type":"EntryPoint","urlTemplate":"https:\/\/energeticar.hr\/?s={search_term_string}"},"query-input":{"@type":"PropertyValueSpecification","valueRequired":true,"valueName":"search_term_string"}}],"inLanguage":"en-US"},{"@type":"Organization","@id":"https:\/\/energeticar.hr\/#organization","name":"Savez energeti\u010dara Slavonije i Baranje","url":"https:\/\/energeticar.hr\/","logo":{"@type":"ImageObject","inLanguage":"en-US","@id":"https:\/\/energeticar.hr\/#\/schema\/logo\/image\/","url":"https:\/\/energeticar.hr\/wp-content\/uploads\/2024\/02\/SESiB-logo-SMALL-1.png","contentUrl":"https:\/\/energeticar.hr\/wp-content\/uploads\/2024\/02\/SESiB-logo-SMALL-1.png","width":110,"height":101,"caption":"Savez energeti\u010dara Slavonije i Baranje"},"image":{"@id":"https:\/\/energeticar.hr\/#\/schema\/logo\/image\/"}},{"@type":"Person","@id":"https:\/\/energeticar.hr\/#\/schema\/person\/f7724fe9a0486c36396a1d74adc60c3f","name":"sesib","image":{"@type":"ImageObject","inLanguage":"en-US","@id":"https:\/\/energeticar.hr\/#\/schema\/person\/image\/","url":"https:\/\/secure.gravatar.com\/avatar\/468459074fb1f72d3026475883ba7b5c2540bc8d8741e496e37fcd474fa56f8f?s=96&d=mm&r=g","contentUrl":"https:\/\/secure.gravatar.com\/avatar\/468459074fb1f72d3026475883ba7b5c2540bc8d8741e496e37fcd474fa56f8f?s=96&d=mm&r=g","caption":"sesib"},"sameAs":["http:\/\/energeticar.free.nf"]}]}},"_links":{"self":[{"href":"https:\/\/energeticar.hr\/index.php\/wp-json\/wp\/v2\/posts\/3538","targetHints":{"allow":["GET"]}}],"collection":[{"href":"https:\/\/energeticar.hr\/index.php\/wp-json\/wp\/v2\/posts"}],"about":[{"href":"https:\/\/energeticar.hr\/index.php\/wp-json\/wp\/v2\/types\/post"}],"author":[{"embeddable":true,"href":"https:\/\/energeticar.hr\/index.php\/wp-json\/wp\/v2\/users\/1"}],"replies":[{"embeddable":true,"href":"https:\/\/energeticar.hr\/index.php\/wp-json\/wp\/v2\/comments?post=3538"}],"version-history":[{"count":7,"href":"https:\/\/energeticar.hr\/index.php\/wp-json\/wp\/v2\/posts\/3538\/revisions"}],"predecessor-version":[{"id":4228,"href":"https:\/\/energeticar.hr\/index.php\/wp-json\/wp\/v2\/posts\/3538\/revisions\/4228"}],"wp:featuredmedia":[{"embeddable":true,"href":"https:\/\/energeticar.hr\/index.php\/wp-json\/wp\/v2\/media\/3542"}],"wp:attachment":[{"href":"https:\/\/energeticar.hr\/index.php\/wp-json\/wp\/v2\/media?parent=3538"}],"wp:term":[{"taxonomy":"category","embeddable":true,"href":"https:\/\/energeticar.hr\/index.php\/wp-json\/wp\/v2\/categories?post=3538"},{"taxonomy":"post_tag","embeddable":true,"href":"https:\/\/energeticar.hr\/index.php\/wp-json\/wp\/v2\/tags?post=3538"}],"curies":[{"name":"wp","href":"https:\/\/api.w.org\/{rel}","templated":true}]}}