{"id":2746,"date":"2023-12-09T09:23:00","date_gmt":"2023-12-09T09:23:00","guid":{"rendered":"http:\/\/energeticar.free.nf\/?p=2746"},"modified":"2025-12-11T21:22:12","modified_gmt":"2025-12-11T21:22:12","slug":"sjednica-izborne-skupstine-sesib-a-od-9-12-2023","status":"publish","type":"post","link":"https:\/\/energeticar.hr\/index.php\/2023\/12\/09\/sjednica-izborne-skupstine-sesib-a-od-9-12-2023\/","title":{"rendered":"Sjednica izborne Skup\u0161tine SESIB-a od 9.12.2023."},"content":{"rendered":"<div class=\"wp-block-columns eplus-wrapper is-layout-flex wp-container-core-columns-is-layout-9d6595d7 wp-block-columns-is-layout-flex eplus-styles-uid-a95ce0\"><div class=\"wp-block-column eplus-wrapper is-layout-flow wp-block-column-is-layout-flow eplus-styles-uid-f513de\"><p class=\" has-medium-font-size eplus-wrapper eplus-styles-uid-57575d\">Sjednica izborne Skup\u0161tine Saveza energeti\u010dara Slavonije i Baranje odr\u017eana je dana 9. prosinca 2023. godine sa sljede\u0107im Dnevnim redom:<br><br>1. Otvaranje Skup\u0161tine i izbor Radnog predsjedni\u0161tva<\/p>\n\n<p class=\" has-medium-font-size eplus-wrapper eplus-styles-uid-57575d\">2. Usvajanje Dnevnog reda Skup\u0161tine i Poslovnika o radu Skup\u0161tine<\/p>\n\n<p class=\" has-medium-font-size eplus-wrapper eplus-styles-uid-57575d\">3. Izbor radnih tijela:<br>&#8211; Verifikacijska komisija<br>&#8211; Kandidacijska komisija<br> &#8211; Zapisni\u010dar<br>&#8211; Ovjerovitelji zapisnika<\/p>\n\n<p class=\" has-medium-font-size eplus-wrapper eplus-styles-uid-57575d\">4. Izvje\u0161\u0107e Verifikacijske komisije<\/p>\n\n<p class=\" has-medium-font-size eplus-wrapper eplus-styles-uid-57575d\">5. Zavr\u0161ni ra\u010dun SESIB-a za 2022. godinu<\/p>\n\n<p class=\" has-medium-font-size eplus-wrapper eplus-styles-uid-57575d\">6. Izvje\u0161\u0107e Inventurne komisije o stanju osnovnih sredstava i sitnog inventara SESIB-a na dan 31.12.2022. godine<\/p>\n\n<p class=\" has-medium-font-size eplus-wrapper eplus-styles-uid-57575d\">7. Izvje\u0161\u0107e Nadzornog odbora za 2022. godinu<\/p>\n\n\n<p class=\" has-medium-font-size eplus-wrapper\">8. Izvje\u0161\u0107e o radu SESIB-a u proteklom razdoblju<\/p>\n<\/div>\n\n\n<div class=\"wp-block-column eplus-wrapper is-layout-flow wp-block-column-is-layout-flow\">\n<figure class=\" wp-block-image size-large eplus-wrapper\"><img loading=\"lazy\" decoding=\"async\" width=\"1024\" height=\"461\" src=\"http:\/\/energeticar.free.nf\/wp-content\/uploads\/2024\/03\/viber_image_2024-05-04_13-21-39-192-1024x461.jpg\" alt=\"\" class=\"wp-image-2738\" srcset=\"https:\/\/energeticar.hr\/wp-content\/uploads\/2024\/03\/viber_image_2024-05-04_13-21-39-192-1024x461.jpg 1024w, https:\/\/energeticar.hr\/wp-content\/uploads\/2024\/03\/viber_image_2024-05-04_13-21-39-192-300x135.jpg 300w, https:\/\/energeticar.hr\/wp-content\/uploads\/2024\/03\/viber_image_2024-05-04_13-21-39-192-768x346.jpg 768w, https:\/\/energeticar.hr\/wp-content\/uploads\/2024\/03\/viber_image_2024-05-04_13-21-39-192-1536x692.jpg 1536w, https:\/\/energeticar.hr\/wp-content\/uploads\/2024\/03\/viber_image_2024-05-04_13-21-39-192.jpg 1600w\" sizes=\"auto, (max-width: 1024px) 100vw, 1024px\" \/><\/figure>\n\n\n<figure class=\" wp-block-image size-large eplus-wrapper eplus-styles-uid-4c785f\"><img loading=\"lazy\" decoding=\"async\" width=\"1024\" height=\"461\" src=\"http:\/\/energeticar.free.nf\/wp-content\/uploads\/2024\/03\/viber_image_2024-05-04_13-21-39-314-1024x461.jpg\" alt=\"\" class=\"wp-image-2740\" srcset=\"https:\/\/energeticar.hr\/wp-content\/uploads\/2024\/03\/viber_image_2024-05-04_13-21-39-314-1024x461.jpg 1024w, https:\/\/energeticar.hr\/wp-content\/uploads\/2024\/03\/viber_image_2024-05-04_13-21-39-314-300x135.jpg 300w, https:\/\/energeticar.hr\/wp-content\/uploads\/2024\/03\/viber_image_2024-05-04_13-21-39-314-768x346.jpg 768w, https:\/\/energeticar.hr\/wp-content\/uploads\/2024\/03\/viber_image_2024-05-04_13-21-39-314-1536x692.jpg 1536w, https:\/\/energeticar.hr\/wp-content\/uploads\/2024\/03\/viber_image_2024-05-04_13-21-39-314.jpg 1600w\" sizes=\"auto, (max-width: 1024px) 100vw, 1024px\" \/><\/figure><\/div>\n<\/div>\n\n<p class=\" has-medium-font-size eplus-wrapper eplus-styles-uid-45b2c4\">9. Informacija o financijskom poslovanju SESIB-a u 2023. godini<\/p>\n\n\n<p class=\" has-medium-font-size eplus-wrapper\">10. Plan aktivnosti SESIB-a u 2024. godini<\/p>\n\n\n<p class=\" has-medium-font-size eplus-wrapper eplus-styles-uid-57575d\">11. Financijski plan SESIB-a za 2024. godinu<\/p>\n\n<p class=\" has-medium-font-size eplus-wrapper eplus-styles-uid-57575d\">12. Odluka o imenovanju Inventurne komisije za popis osnovnih sredstava i sitnog inventara SESIB-a u 2023. godini<\/p>\n\n<p class=\" has-medium-font-size eplus-wrapper eplus-styles-uid-57575d\">13. Davanje rezrije\u0161nice postoje\u0107im tijelima upravljanja i nadzora SESIB-a:<br>&#8211; predsjednik SESIB-a<br>&#8211; dopredsjednik SESIB-a<br>&#8211; tajnik SESIB-a<br>&#8211; Upravni odbor SESIB-a<br>&#8211; Nadzorni odbor SESIB-a<\/p>\n\n<p class=\" has-medium-font-size eplus-wrapper eplus-styles-uid-57575d\">14. Utvr\u0111ivanje liste kandidata za nova tijela upravljanja i nadzora SESIB-a:<br>&#8211; predsjednik SESIB-a<br>&#8211; dopredsjednik SESIB-a<br>&#8211; tajnik SESIB-a<br>&#8211; Upravni odbor SESIB-a<br>&#8211; Nadzorni odbor SESIB-a<\/p>\n\n<p class=\" has-medium-font-size eplus-wrapper eplus-styles-uid-57575d\">15. Izbor novih tijela upravljanja i nadzora SESIB-a:<br><br>&#8211; predsjednik SESIB-a<br>&#8211; dopredsjednik SESIB-a<br>&#8211; tajnik SESIB-a<br>&#8211; Upravni odbor SESIB-a<br>&#8211; Nadzorni odbor SESIB-a<\/p>\n\n\n<p class=\" has-medium-font-size eplus-wrapper\">16. Razno<br><br>Sa sjednice Skup\u0161tine potrebno je istaknuti izbor novih tijela upravljanja i nadzora SESIB-a za razdoblje od 2023. godine do 2027. godine kako slijedi:<br><br>&#8211; predsjednik SESIB-a &#8211; Ivan Krvavica<br>&#8211; dopredsjednik SESIB-a &#8211; Stojan Filipovi\u0107<br>&#8211; tajnik SESIB-a &#8211; Albert Higi<br><br>Upravni odbor SESIB-a:<br>&#8211; Ivan Krvavica &#8211; predsjednik<br>&#8211; Stojan Filipovi\u0107 &#8211; dopredsjednik (predsjednik DE Slavonski Brod)<br>&#8211; Albert Higi &#8211; \u010dlan<br>&#8211; predsjednik DE Osijek &#8211; \u010dlan<br>&#8211; predsjednik DE Tvornica \u0161e\u0107era Osijek &#8211; \u010dlan<br>&#8211; predsjednik DE Beli\u0161\u0107e &#8211; \u010dlan<br>&#8211; predsjednik DE Po\u017eega &#8211; \u010dlan<br><br>Nadzorni odbor SESIB-a:<br>&#8211; Ninoslav Var\u017ei\u0107 &#8211; predsjednik<br>&#8211; Mato Vukovi\u0107 &#8211; \u010dlan<br>&#8211; Ivica Duvan\u010di\u0107 &#8211; \u010dlan<\/p>\n\n\n\n<p class=\" has-medium-font-size eplus-wrapper\">Ivan Krvavica, novoizabrani predsjednik SESIB-a, ispred novoizabranih tijela upravljanja i nazora SESIB-a zahvalio se na ukazanom povjerenju i izrazio nadu kako \u0107e novo rukovodstvo nastaviti na tragu dosada\u0161njeg uspje\u0161nog rada. Posebno je istaknuo pozitivan doprinos dosada\u0161njeg dugogodi\u0161njeg predsjednika SESIB-a Marijana Peri\u0161ki\u0107a za primjerno vo\u0111enje Saveza i njegovo predstavljanje u javnosti.\u00a0<\/p>\n","protected":false},"excerpt":{"rendered":"<p>Sjednica izborne Skup\u0161tine Saveza energeti\u010dara Slavonije i Baranje odr\u017eana je dana 9. prosinca 2023. godine sa sljede\u0107im Dnevnim redom: 1. Otvaranje Skup\u0161tine i izbor Radnog predsjedni\u0161tva 2. Usvajanje Dnevnog reda Skup\u0161tine i Poslovnika o radu Skup\u0161tine 3. Izbor radnih tijela:&#8211; Verifikacijska komisija&#8211; Kandidacijska komisija &#8211; Zapisni\u010dar&#8211; Ovjerovitelji zapisnika 4. Izvje\u0161\u0107e Verifikacijske komisije 5. Zavr\u0161ni ra\u010dun &#8230; <a title=\"Sjednica izborne Skup\u0161tine SESIB-a od 9.12.2023.\" class=\"read-more\" href=\"https:\/\/energeticar.hr\/index.php\/2023\/12\/09\/sjednica-izborne-skupstine-sesib-a-od-9-12-2023\/\" aria-label=\"More on Sjednica izborne Skup\u0161tine SESIB-a od 9.12.2023.\">Vi\u0161e o tome<\/a><\/p>\n","protected":false},"author":1,"featured_media":2738,"comment_status":"closed","ping_status":"closed","sticky":false,"template":"","format":"standard","meta":{"editor_plus_copied_stylings":"{}","footnotes":""},"categories":[15],"tags":[25],"class_list":["post-2746","post","type-post","status-publish","format-standard","has-post-thumbnail","hentry","category-aktualno-sesib","tag-skupstine-i-sjednice-sesib"],"yoast_head":"<!-- This site is optimized with the Yoast SEO plugin v26.8 - https:\/\/yoast.com\/product\/yoast-seo-wordpress\/ -->\n<title>Sjednica izborne Skup\u0161tine SESIB-a od 9.12.2023. - Savez energeti\u010dara Slavonije i Baranje<\/title>\n<meta name=\"description\" content=\"Sjednica izborne Skup\u0161tine Saveza energeti\u010dara Slavonije i Baranje odr\u017eana je dana 9. prosinca 2023. godine sa sljede\u0107im Dnevnim redom:1. Otvaranje\" \/>\n<meta name=\"robots\" content=\"noindex, nofollow\" \/>\n<meta property=\"og:locale\" content=\"en_US\" \/>\n<meta property=\"og:type\" content=\"article\" \/>\n<meta property=\"og:title\" content=\"Sjednica izborne Skup\u0161tine SESIB-a od 9.12.2023. - Savez energeti\u010dara Slavonije i Baranje\" \/>\n<meta property=\"og:description\" content=\"Sjednica izborne Skup\u0161tine Saveza energeti\u010dara Slavonije i Baranje odr\u017eana je dana 9. prosinca 2023. godine sa sljede\u0107im Dnevnim redom:1. Otvaranje\" \/>\n<meta property=\"og:url\" content=\"https:\/\/energeticar.hr\/index.php\/2023\/12\/09\/sjednica-izborne-skupstine-sesib-a-od-9-12-2023\/\" \/>\n<meta property=\"og:site_name\" content=\"Savez energeti\u010dara Slavonije i Baranje\" \/>\n<meta property=\"article:published_time\" content=\"2023-12-09T09:23:00+00:00\" \/>\n<meta property=\"article:modified_time\" content=\"2025-12-11T21:22:12+00:00\" \/>\n<meta property=\"og:image\" content=\"https:\/\/energeticar.hr\/wp-content\/uploads\/2024\/03\/viber_image_2024-05-04_13-21-39-192.jpg\" \/>\n\t<meta property=\"og:image:width\" content=\"1600\" \/>\n\t<meta property=\"og:image:height\" content=\"721\" \/>\n\t<meta property=\"og:image:type\" content=\"image\/jpeg\" \/>\n<meta name=\"author\" content=\"sesib\" \/>\n<meta name=\"twitter:card\" content=\"summary_large_image\" \/>\n<meta name=\"twitter:label1\" content=\"Written by\" \/>\n\t<meta name=\"twitter:data1\" content=\"sesib\" \/>\n\t<meta name=\"twitter:label2\" content=\"Est. reading time\" \/>\n\t<meta name=\"twitter:data2\" content=\"3 minutes\" \/>\n<script type=\"application\/ld+json\" class=\"yoast-schema-graph\">{\"@context\":\"https:\/\/schema.org\",\"@graph\":[{\"@type\":\"Article\",\"@id\":\"https:\/\/energeticar.hr\/index.php\/2023\/12\/09\/sjednica-izborne-skupstine-sesib-a-od-9-12-2023\/#article\",\"isPartOf\":{\"@id\":\"https:\/\/energeticar.hr\/index.php\/2023\/12\/09\/sjednica-izborne-skupstine-sesib-a-od-9-12-2023\/\"},\"author\":{\"name\":\"sesib\",\"@id\":\"https:\/\/energeticar.hr\/#\/schema\/person\/f7724fe9a0486c36396a1d74adc60c3f\"},\"headline\":\"Sjednica izborne Skup\u0161tine SESIB-a od 9.12.2023.\",\"datePublished\":\"2023-12-09T09:23:00+00:00\",\"dateModified\":\"2025-12-11T21:22:12+00:00\",\"mainEntityOfPage\":{\"@id\":\"https:\/\/energeticar.hr\/index.php\/2023\/12\/09\/sjednica-izborne-skupstine-sesib-a-od-9-12-2023\/\"},\"wordCount\":359,\"publisher\":{\"@id\":\"https:\/\/energeticar.hr\/#organization\"},\"image\":{\"@id\":\"https:\/\/energeticar.hr\/index.php\/2023\/12\/09\/sjednica-izborne-skupstine-sesib-a-od-9-12-2023\/#primaryimage\"},\"thumbnailUrl\":\"https:\/\/energeticar.hr\/wp-content\/uploads\/2024\/03\/viber_image_2024-05-04_13-21-39-192.jpg\",\"keywords\":[\"Skup\u0161tine i sjednice SESIB\"],\"articleSection\":[\"Aktualno SESiB\"],\"inLanguage\":\"en-US\"},{\"@type\":\"WebPage\",\"@id\":\"https:\/\/energeticar.hr\/index.php\/2023\/12\/09\/sjednica-izborne-skupstine-sesib-a-od-9-12-2023\/\",\"url\":\"https:\/\/energeticar.hr\/index.php\/2023\/12\/09\/sjednica-izborne-skupstine-sesib-a-od-9-12-2023\/\",\"name\":\"Sjednica izborne Skup\u0161tine SESIB-a od 9.12.2023. - Savez energeti\u010dara Slavonije i Baranje\",\"isPartOf\":{\"@id\":\"https:\/\/energeticar.hr\/#website\"},\"primaryImageOfPage\":{\"@id\":\"https:\/\/energeticar.hr\/index.php\/2023\/12\/09\/sjednica-izborne-skupstine-sesib-a-od-9-12-2023\/#primaryimage\"},\"image\":{\"@id\":\"https:\/\/energeticar.hr\/index.php\/2023\/12\/09\/sjednica-izborne-skupstine-sesib-a-od-9-12-2023\/#primaryimage\"},\"thumbnailUrl\":\"https:\/\/energeticar.hr\/wp-content\/uploads\/2024\/03\/viber_image_2024-05-04_13-21-39-192.jpg\",\"datePublished\":\"2023-12-09T09:23:00+00:00\",\"dateModified\":\"2025-12-11T21:22:12+00:00\",\"description\":\"Sjednica izborne Skup\u0161tine Saveza energeti\u010dara Slavonije i Baranje odr\u017eana je dana 9. prosinca 2023. godine sa sljede\u0107im Dnevnim redom:1. Otvaranje\",\"breadcrumb\":{\"@id\":\"https:\/\/energeticar.hr\/index.php\/2023\/12\/09\/sjednica-izborne-skupstine-sesib-a-od-9-12-2023\/#breadcrumb\"},\"inLanguage\":\"en-US\",\"potentialAction\":[{\"@type\":\"ReadAction\",\"target\":[\"https:\/\/energeticar.hr\/index.php\/2023\/12\/09\/sjednica-izborne-skupstine-sesib-a-od-9-12-2023\/\"]}]},{\"@type\":\"ImageObject\",\"inLanguage\":\"en-US\",\"@id\":\"https:\/\/energeticar.hr\/index.php\/2023\/12\/09\/sjednica-izborne-skupstine-sesib-a-od-9-12-2023\/#primaryimage\",\"url\":\"https:\/\/energeticar.hr\/wp-content\/uploads\/2024\/03\/viber_image_2024-05-04_13-21-39-192.jpg\",\"contentUrl\":\"https:\/\/energeticar.hr\/wp-content\/uploads\/2024\/03\/viber_image_2024-05-04_13-21-39-192.jpg\",\"width\":1600,\"height\":721},{\"@type\":\"BreadcrumbList\",\"@id\":\"https:\/\/energeticar.hr\/index.php\/2023\/12\/09\/sjednica-izborne-skupstine-sesib-a-od-9-12-2023\/#breadcrumb\",\"itemListElement\":[{\"@type\":\"ListItem\",\"position\":1,\"name\":\"Home\",\"item\":\"https:\/\/energeticar.hr\/\"},{\"@type\":\"ListItem\",\"position\":2,\"name\":\"Sjednica izborne Skup\u0161tine SESIB-a od 9.12.2023.\"}]},{\"@type\":\"WebSite\",\"@id\":\"https:\/\/energeticar.hr\/#website\",\"url\":\"https:\/\/energeticar.hr\/\",\"name\":\"Savez energeti\u010dara Slavonije i Baranje\",\"description\":\"SESIB\",\"publisher\":{\"@id\":\"https:\/\/energeticar.hr\/#organization\"},\"potentialAction\":[{\"@type\":\"SearchAction\",\"target\":{\"@type\":\"EntryPoint\",\"urlTemplate\":\"https:\/\/energeticar.hr\/?s={search_term_string}\"},\"query-input\":{\"@type\":\"PropertyValueSpecification\",\"valueRequired\":true,\"valueName\":\"search_term_string\"}}],\"inLanguage\":\"en-US\"},{\"@type\":\"Organization\",\"@id\":\"https:\/\/energeticar.hr\/#organization\",\"name\":\"Savez energeti\u010dara Slavonije i Baranje\",\"url\":\"https:\/\/energeticar.hr\/\",\"logo\":{\"@type\":\"ImageObject\",\"inLanguage\":\"en-US\",\"@id\":\"https:\/\/energeticar.hr\/#\/schema\/logo\/image\/\",\"url\":\"https:\/\/energeticar.hr\/wp-content\/uploads\/2024\/02\/SESiB-logo-SMALL-1.png\",\"contentUrl\":\"https:\/\/energeticar.hr\/wp-content\/uploads\/2024\/02\/SESiB-logo-SMALL-1.png\",\"width\":110,\"height\":101,\"caption\":\"Savez energeti\u010dara Slavonije i Baranje\"},\"image\":{\"@id\":\"https:\/\/energeticar.hr\/#\/schema\/logo\/image\/\"}},{\"@type\":\"Person\",\"@id\":\"https:\/\/energeticar.hr\/#\/schema\/person\/f7724fe9a0486c36396a1d74adc60c3f\",\"name\":\"sesib\",\"image\":{\"@type\":\"ImageObject\",\"inLanguage\":\"en-US\",\"@id\":\"https:\/\/energeticar.hr\/#\/schema\/person\/image\/\",\"url\":\"https:\/\/secure.gravatar.com\/avatar\/468459074fb1f72d3026475883ba7b5c2540bc8d8741e496e37fcd474fa56f8f?s=96&d=mm&r=g\",\"contentUrl\":\"https:\/\/secure.gravatar.com\/avatar\/468459074fb1f72d3026475883ba7b5c2540bc8d8741e496e37fcd474fa56f8f?s=96&d=mm&r=g\",\"caption\":\"sesib\"},\"sameAs\":[\"http:\/\/energeticar.free.nf\"]}]}<\/script>\n<!-- \/ Yoast SEO plugin. -->","yoast_head_json":{"title":"Sjednica izborne Skup\u0161tine SESIB-a od 9.12.2023. - Savez energeti\u010dara Slavonije i Baranje","description":"Sjednica izborne Skup\u0161tine Saveza energeti\u010dara Slavonije i Baranje odr\u017eana je dana 9. prosinca 2023. godine sa sljede\u0107im Dnevnim redom:1. Otvaranje","robots":{"index":"noindex","follow":"nofollow"},"og_locale":"en_US","og_type":"article","og_title":"Sjednica izborne Skup\u0161tine SESIB-a od 9.12.2023. - Savez energeti\u010dara Slavonije i Baranje","og_description":"Sjednica izborne Skup\u0161tine Saveza energeti\u010dara Slavonije i Baranje odr\u017eana je dana 9. prosinca 2023. godine sa sljede\u0107im Dnevnim redom:1. Otvaranje","og_url":"https:\/\/energeticar.hr\/index.php\/2023\/12\/09\/sjednica-izborne-skupstine-sesib-a-od-9-12-2023\/","og_site_name":"Savez energeti\u010dara Slavonije i Baranje","article_published_time":"2023-12-09T09:23:00+00:00","article_modified_time":"2025-12-11T21:22:12+00:00","og_image":[{"width":1600,"height":721,"url":"https:\/\/energeticar.hr\/wp-content\/uploads\/2024\/03\/viber_image_2024-05-04_13-21-39-192.jpg","type":"image\/jpeg"}],"author":"sesib","twitter_card":"summary_large_image","twitter_misc":{"Written by":"sesib","Est. reading time":"3 minutes"},"schema":{"@context":"https:\/\/schema.org","@graph":[{"@type":"Article","@id":"https:\/\/energeticar.hr\/index.php\/2023\/12\/09\/sjednica-izborne-skupstine-sesib-a-od-9-12-2023\/#article","isPartOf":{"@id":"https:\/\/energeticar.hr\/index.php\/2023\/12\/09\/sjednica-izborne-skupstine-sesib-a-od-9-12-2023\/"},"author":{"name":"sesib","@id":"https:\/\/energeticar.hr\/#\/schema\/person\/f7724fe9a0486c36396a1d74adc60c3f"},"headline":"Sjednica izborne Skup\u0161tine SESIB-a od 9.12.2023.","datePublished":"2023-12-09T09:23:00+00:00","dateModified":"2025-12-11T21:22:12+00:00","mainEntityOfPage":{"@id":"https:\/\/energeticar.hr\/index.php\/2023\/12\/09\/sjednica-izborne-skupstine-sesib-a-od-9-12-2023\/"},"wordCount":359,"publisher":{"@id":"https:\/\/energeticar.hr\/#organization"},"image":{"@id":"https:\/\/energeticar.hr\/index.php\/2023\/12\/09\/sjednica-izborne-skupstine-sesib-a-od-9-12-2023\/#primaryimage"},"thumbnailUrl":"https:\/\/energeticar.hr\/wp-content\/uploads\/2024\/03\/viber_image_2024-05-04_13-21-39-192.jpg","keywords":["Skup\u0161tine i sjednice SESIB"],"articleSection":["Aktualno SESiB"],"inLanguage":"en-US"},{"@type":"WebPage","@id":"https:\/\/energeticar.hr\/index.php\/2023\/12\/09\/sjednica-izborne-skupstine-sesib-a-od-9-12-2023\/","url":"https:\/\/energeticar.hr\/index.php\/2023\/12\/09\/sjednica-izborne-skupstine-sesib-a-od-9-12-2023\/","name":"Sjednica izborne Skup\u0161tine SESIB-a od 9.12.2023. - Savez energeti\u010dara Slavonije i Baranje","isPartOf":{"@id":"https:\/\/energeticar.hr\/#website"},"primaryImageOfPage":{"@id":"https:\/\/energeticar.hr\/index.php\/2023\/12\/09\/sjednica-izborne-skupstine-sesib-a-od-9-12-2023\/#primaryimage"},"image":{"@id":"https:\/\/energeticar.hr\/index.php\/2023\/12\/09\/sjednica-izborne-skupstine-sesib-a-od-9-12-2023\/#primaryimage"},"thumbnailUrl":"https:\/\/energeticar.hr\/wp-content\/uploads\/2024\/03\/viber_image_2024-05-04_13-21-39-192.jpg","datePublished":"2023-12-09T09:23:00+00:00","dateModified":"2025-12-11T21:22:12+00:00","description":"Sjednica izborne Skup\u0161tine Saveza energeti\u010dara Slavonije i Baranje odr\u017eana je dana 9. prosinca 2023. godine sa sljede\u0107im Dnevnim redom:1. Otvaranje","breadcrumb":{"@id":"https:\/\/energeticar.hr\/index.php\/2023\/12\/09\/sjednica-izborne-skupstine-sesib-a-od-9-12-2023\/#breadcrumb"},"inLanguage":"en-US","potentialAction":[{"@type":"ReadAction","target":["https:\/\/energeticar.hr\/index.php\/2023\/12\/09\/sjednica-izborne-skupstine-sesib-a-od-9-12-2023\/"]}]},{"@type":"ImageObject","inLanguage":"en-US","@id":"https:\/\/energeticar.hr\/index.php\/2023\/12\/09\/sjednica-izborne-skupstine-sesib-a-od-9-12-2023\/#primaryimage","url":"https:\/\/energeticar.hr\/wp-content\/uploads\/2024\/03\/viber_image_2024-05-04_13-21-39-192.jpg","contentUrl":"https:\/\/energeticar.hr\/wp-content\/uploads\/2024\/03\/viber_image_2024-05-04_13-21-39-192.jpg","width":1600,"height":721},{"@type":"BreadcrumbList","@id":"https:\/\/energeticar.hr\/index.php\/2023\/12\/09\/sjednica-izborne-skupstine-sesib-a-od-9-12-2023\/#breadcrumb","itemListElement":[{"@type":"ListItem","position":1,"name":"Home","item":"https:\/\/energeticar.hr\/"},{"@type":"ListItem","position":2,"name":"Sjednica izborne Skup\u0161tine SESIB-a od 9.12.2023."}]},{"@type":"WebSite","@id":"https:\/\/energeticar.hr\/#website","url":"https:\/\/energeticar.hr\/","name":"Savez energeti\u010dara Slavonije i Baranje","description":"SESIB","publisher":{"@id":"https:\/\/energeticar.hr\/#organization"},"potentialAction":[{"@type":"SearchAction","target":{"@type":"EntryPoint","urlTemplate":"https:\/\/energeticar.hr\/?s={search_term_string}"},"query-input":{"@type":"PropertyValueSpecification","valueRequired":true,"valueName":"search_term_string"}}],"inLanguage":"en-US"},{"@type":"Organization","@id":"https:\/\/energeticar.hr\/#organization","name":"Savez energeti\u010dara Slavonije i Baranje","url":"https:\/\/energeticar.hr\/","logo":{"@type":"ImageObject","inLanguage":"en-US","@id":"https:\/\/energeticar.hr\/#\/schema\/logo\/image\/","url":"https:\/\/energeticar.hr\/wp-content\/uploads\/2024\/02\/SESiB-logo-SMALL-1.png","contentUrl":"https:\/\/energeticar.hr\/wp-content\/uploads\/2024\/02\/SESiB-logo-SMALL-1.png","width":110,"height":101,"caption":"Savez energeti\u010dara Slavonije i Baranje"},"image":{"@id":"https:\/\/energeticar.hr\/#\/schema\/logo\/image\/"}},{"@type":"Person","@id":"https:\/\/energeticar.hr\/#\/schema\/person\/f7724fe9a0486c36396a1d74adc60c3f","name":"sesib","image":{"@type":"ImageObject","inLanguage":"en-US","@id":"https:\/\/energeticar.hr\/#\/schema\/person\/image\/","url":"https:\/\/secure.gravatar.com\/avatar\/468459074fb1f72d3026475883ba7b5c2540bc8d8741e496e37fcd474fa56f8f?s=96&d=mm&r=g","contentUrl":"https:\/\/secure.gravatar.com\/avatar\/468459074fb1f72d3026475883ba7b5c2540bc8d8741e496e37fcd474fa56f8f?s=96&d=mm&r=g","caption":"sesib"},"sameAs":["http:\/\/energeticar.free.nf"]}]}},"_links":{"self":[{"href":"https:\/\/energeticar.hr\/index.php\/wp-json\/wp\/v2\/posts\/2746","targetHints":{"allow":["GET"]}}],"collection":[{"href":"https:\/\/energeticar.hr\/index.php\/wp-json\/wp\/v2\/posts"}],"about":[{"href":"https:\/\/energeticar.hr\/index.php\/wp-json\/wp\/v2\/types\/post"}],"author":[{"embeddable":true,"href":"https:\/\/energeticar.hr\/index.php\/wp-json\/wp\/v2\/users\/1"}],"replies":[{"embeddable":true,"href":"https:\/\/energeticar.hr\/index.php\/wp-json\/wp\/v2\/comments?post=2746"}],"version-history":[{"count":21,"href":"https:\/\/energeticar.hr\/index.php\/wp-json\/wp\/v2\/posts\/2746\/revisions"}],"predecessor-version":[{"id":4699,"href":"https:\/\/energeticar.hr\/index.php\/wp-json\/wp\/v2\/posts\/2746\/revisions\/4699"}],"wp:featuredmedia":[{"embeddable":true,"href":"https:\/\/energeticar.hr\/index.php\/wp-json\/wp\/v2\/media\/2738"}],"wp:attachment":[{"href":"https:\/\/energeticar.hr\/index.php\/wp-json\/wp\/v2\/media?parent=2746"}],"wp:term":[{"taxonomy":"category","embeddable":true,"href":"https:\/\/energeticar.hr\/index.php\/wp-json\/wp\/v2\/categories?post=2746"},{"taxonomy":"post_tag","embeddable":true,"href":"https:\/\/energeticar.hr\/index.php\/wp-json\/wp\/v2\/tags?post=2746"}],"curies":[{"name":"wp","href":"https:\/\/api.w.org\/{rel}","templated":true}]}}