{"id":2673,"date":"2019-04-28T14:18:00","date_gmt":"2019-04-28T14:18:00","guid":{"rendered":"http:\/\/energeticar.free.nf\/?p=2673"},"modified":"2025-01-01T20:55:07","modified_gmt":"2025-01-01T20:55:07","slug":"susreti-energeticara-slavonije-i-baranje-2019-u-pozegi","status":"publish","type":"post","link":"https:\/\/energeticar.hr\/index.php\/2019\/04\/28\/susreti-energeticara-slavonije-i-baranje-2019-u-pozegi\/","title":{"rendered":"18. Susret energeti\u010dara Slavonije i Baranje Po\u017eega, 2019. godine"},"content":{"rendered":"<div class=\"wp-block-columns eplus-wrapper is-layout-flex wp-container-core-columns-is-layout-9d6595d7 wp-block-columns-is-layout-flex eplus-styles-uid-626b22\">\n<div class=\"wp-block-column eplus-wrapper is-layout-flow wp-block-column-is-layout-flow\">\n<figure class=\" wp-block-image size-large eplus-wrapper\"><img loading=\"lazy\" decoding=\"async\" width=\"1024\" height=\"576\" src=\"http:\/\/energeticar.free.nf\/wp-content\/uploads\/2019\/04\/WP_20190525_009-1024x576.jpg\" alt=\"\" class=\"wp-image-3192\" style=\"object-fit:cover\" srcset=\"https:\/\/energeticar.hr\/wp-content\/uploads\/2019\/04\/WP_20190525_009-1024x576.jpg 1024w, https:\/\/energeticar.hr\/wp-content\/uploads\/2019\/04\/WP_20190525_009-300x169.jpg 300w, https:\/\/energeticar.hr\/wp-content\/uploads\/2019\/04\/WP_20190525_009-768x432.jpg 768w, https:\/\/energeticar.hr\/wp-content\/uploads\/2019\/04\/WP_20190525_009-1536x864.jpg 1536w, https:\/\/energeticar.hr\/wp-content\/uploads\/2019\/04\/WP_20190525_009-2048x1152.jpg 2048w\" sizes=\"auto, (max-width: 1024px) 100vw, 1024px\" \/><\/figure>\n\n\n<figure class=\" wp-block-image size-large eplus-wrapper eplus-styles-uid-4c785f\"><img loading=\"lazy\" decoding=\"async\" width=\"1024\" height=\"576\" src=\"http:\/\/energeticar.free.nf\/wp-content\/uploads\/2019\/04\/WP_20190525_055-1024x576.jpg\" alt=\"\" class=\"wp-image-3195\" srcset=\"https:\/\/energeticar.hr\/wp-content\/uploads\/2019\/04\/WP_20190525_055-1024x576.jpg 1024w, https:\/\/energeticar.hr\/wp-content\/uploads\/2019\/04\/WP_20190525_055-300x169.jpg 300w, https:\/\/energeticar.hr\/wp-content\/uploads\/2019\/04\/WP_20190525_055-768x432.jpg 768w, https:\/\/energeticar.hr\/wp-content\/uploads\/2019\/04\/WP_20190525_055-1536x864.jpg 1536w, https:\/\/energeticar.hr\/wp-content\/uploads\/2019\/04\/WP_20190525_055-2048x1152.jpg 2048w\" sizes=\"auto, (max-width: 1024px) 100vw, 1024px\" \/><\/figure><\/div>\n\n\n\n<div class=\"wp-block-column eplus-wrapper is-layout-flow wp-block-column-is-layout-flow\">\n<p class=\" has-medium-font-size eplus-wrapper\">Dru\u0161tvo energeti\u010dara Po\u017eega organiziralo je 18. Susret energeti\u010dara Slavonije i Baranje. Susret se odr\u017eao u \u0161iroj okolici grada Po\u017eege u mjestu Kadanovci, na izleti\u0161tu OPG \u010condi\u0107. Isti je protekao u cjelodnevnom dru\u017eenju na\u0161ih \u010dlanova uz dobru hranu, glazbu te obaveznim dru\u0161tvenim igrama.<br>Tako\u0111er, bili smo u mogu\u0107nosti, u blizini mjesta dru\u017eenja, obi\u0107i malu hidroelektranu Orljava 8 izgra\u0111enu na lokaciji starog mlina na rijeci Orljavi u mjestu Brodski Drenovac. Ova mala hidroelektrana snage 110 kW, u privatnom vlasni\u0161tvu, pu\u0161tena je u rad 2017. godine. U svakom pogledu je vrlo zanimljivo postrojenje, primjereno uklopljeno u postoje\u0107i okoli\u0161 i gotovo bez ikakvih utjecaja na isti.<\/p>\n<\/div>\n<\/div>","protected":false},"excerpt":{"rendered":"<p>Dru\u0161tvo energeti\u010dara Po\u017eega organiziralo je 18. Susret energeti\u010dara Slavonije i Baranje. Susret se odr\u017eao u \u0161iroj okolici grada Po\u017eege u mjestu Kadanovci, na izleti\u0161tu OPG \u010condi\u0107. Isti je protekao u cjelodnevnom dru\u017eenju na\u0161ih \u010dlanova uz dobru hranu, glazbu te obaveznim dru\u0161tvenim igrama.Tako\u0111er, bili smo u mogu\u0107nosti, u blizini mjesta dru\u017eenja, obi\u0107i malu hidroelektranu Orljava 8 &#8230; <a title=\"18. Susret energeti\u010dara Slavonije i Baranje Po\u017eega, 2019. godine\" class=\"read-more\" href=\"https:\/\/energeticar.hr\/index.php\/2019\/04\/28\/susreti-energeticara-slavonije-i-baranje-2019-u-pozegi\/\" aria-label=\"More on 18. Susret energeti\u010dara Slavonije i Baranje Po\u017eega, 2019. godine\">Vi\u0161e o tome<\/a><\/p>\n","protected":false},"author":1,"featured_media":3192,"comment_status":"closed","ping_status":"closed","sticky":false,"template":"","format":"standard","meta":{"editor_plus_copied_stylings":"{}","footnotes":""},"categories":[15],"tags":[24],"class_list":["post-2673","post","type-post","status-publish","format-standard","has-post-thumbnail","hentry","category-aktualno-sesib","tag-susreti-sesib"],"yoast_head":"<!-- This site is optimized with the Yoast SEO plugin v26.8 - https:\/\/yoast.com\/product\/yoast-seo-wordpress\/ -->\n<title>18. Susret energeti\u010dara Slavonije i Baranje Po\u017eega, 2019. godine - Savez energeti\u010dara Slavonije i Baranje<\/title>\n<meta name=\"description\" content=\"Dru\u0161tvo energeti\u010dara Po\u017eega organiziralo je 18. Susret energeti\u010dara Slavonije i Baranje. Susret se odr\u017eao u \u0161iroj okolici grada Po\u017eege u mjestu Kadanovci,\" \/>\n<meta name=\"robots\" content=\"noindex, nofollow\" \/>\n<meta property=\"og:locale\" content=\"en_US\" \/>\n<meta property=\"og:type\" content=\"article\" \/>\n<meta property=\"og:title\" content=\"18. Susret energeti\u010dara Slavonije i Baranje Po\u017eega, 2019. godine - Savez energeti\u010dara Slavonije i Baranje\" \/>\n<meta property=\"og:description\" content=\"Dru\u0161tvo energeti\u010dara Po\u017eega organiziralo je 18. Susret energeti\u010dara Slavonije i Baranje. Susret se odr\u017eao u \u0161iroj okolici grada Po\u017eege u mjestu Kadanovci,\" \/>\n<meta property=\"og:url\" content=\"https:\/\/energeticar.hr\/index.php\/2019\/04\/28\/susreti-energeticara-slavonije-i-baranje-2019-u-pozegi\/\" \/>\n<meta property=\"og:site_name\" content=\"Savez energeti\u010dara Slavonije i Baranje\" \/>\n<meta property=\"article:published_time\" content=\"2019-04-28T14:18:00+00:00\" \/>\n<meta property=\"article:modified_time\" content=\"2025-01-01T20:55:07+00:00\" \/>\n<meta property=\"og:image\" content=\"https:\/\/energeticar.hr\/wp-content\/uploads\/2019\/04\/WP_20190525_009-scaled.jpg\" \/>\n\t<meta property=\"og:image:width\" content=\"2560\" \/>\n\t<meta property=\"og:image:height\" content=\"1440\" \/>\n\t<meta property=\"og:image:type\" content=\"image\/jpeg\" \/>\n<meta name=\"author\" content=\"sesib\" \/>\n<meta name=\"twitter:card\" content=\"summary_large_image\" \/>\n<meta name=\"twitter:label1\" content=\"Written by\" \/>\n\t<meta name=\"twitter:data1\" content=\"sesib\" \/>\n\t<meta name=\"twitter:label2\" content=\"Est. reading time\" \/>\n\t<meta name=\"twitter:data2\" content=\"2 minutes\" \/>\n<script type=\"application\/ld+json\" class=\"yoast-schema-graph\">{\"@context\":\"https:\/\/schema.org\",\"@graph\":[{\"@type\":\"Article\",\"@id\":\"https:\/\/energeticar.hr\/index.php\/2019\/04\/28\/susreti-energeticara-slavonije-i-baranje-2019-u-pozegi\/#article\",\"isPartOf\":{\"@id\":\"https:\/\/energeticar.hr\/index.php\/2019\/04\/28\/susreti-energeticara-slavonije-i-baranje-2019-u-pozegi\/\"},\"author\":{\"name\":\"sesib\",\"@id\":\"https:\/\/energeticar.hr\/#\/schema\/person\/f7724fe9a0486c36396a1d74adc60c3f\"},\"headline\":\"18. Susret energeti\u010dara Slavonije i Baranje Po\u017eega, 2019. godine\",\"datePublished\":\"2019-04-28T14:18:00+00:00\",\"dateModified\":\"2025-01-01T20:55:07+00:00\",\"mainEntityOfPage\":{\"@id\":\"https:\/\/energeticar.hr\/index.php\/2019\/04\/28\/susreti-energeticara-slavonije-i-baranje-2019-u-pozegi\/\"},\"wordCount\":125,\"publisher\":{\"@id\":\"https:\/\/energeticar.hr\/#organization\"},\"image\":{\"@id\":\"https:\/\/energeticar.hr\/index.php\/2019\/04\/28\/susreti-energeticara-slavonije-i-baranje-2019-u-pozegi\/#primaryimage\"},\"thumbnailUrl\":\"https:\/\/energeticar.hr\/wp-content\/uploads\/2019\/04\/WP_20190525_009-scaled.jpg\",\"keywords\":[\"Susreti SESIB\"],\"articleSection\":[\"Aktualno SESiB\"],\"inLanguage\":\"en-US\"},{\"@type\":\"WebPage\",\"@id\":\"https:\/\/energeticar.hr\/index.php\/2019\/04\/28\/susreti-energeticara-slavonije-i-baranje-2019-u-pozegi\/\",\"url\":\"https:\/\/energeticar.hr\/index.php\/2019\/04\/28\/susreti-energeticara-slavonije-i-baranje-2019-u-pozegi\/\",\"name\":\"18. Susret energeti\u010dara Slavonije i Baranje Po\u017eega, 2019. godine - Savez energeti\u010dara Slavonije i Baranje\",\"isPartOf\":{\"@id\":\"https:\/\/energeticar.hr\/#website\"},\"primaryImageOfPage\":{\"@id\":\"https:\/\/energeticar.hr\/index.php\/2019\/04\/28\/susreti-energeticara-slavonije-i-baranje-2019-u-pozegi\/#primaryimage\"},\"image\":{\"@id\":\"https:\/\/energeticar.hr\/index.php\/2019\/04\/28\/susreti-energeticara-slavonije-i-baranje-2019-u-pozegi\/#primaryimage\"},\"thumbnailUrl\":\"https:\/\/energeticar.hr\/wp-content\/uploads\/2019\/04\/WP_20190525_009-scaled.jpg\",\"datePublished\":\"2019-04-28T14:18:00+00:00\",\"dateModified\":\"2025-01-01T20:55:07+00:00\",\"description\":\"Dru\u0161tvo energeti\u010dara Po\u017eega organiziralo je 18. Susret energeti\u010dara Slavonije i Baranje. Susret se odr\u017eao u \u0161iroj okolici grada Po\u017eege u mjestu Kadanovci,\",\"breadcrumb\":{\"@id\":\"https:\/\/energeticar.hr\/index.php\/2019\/04\/28\/susreti-energeticara-slavonije-i-baranje-2019-u-pozegi\/#breadcrumb\"},\"inLanguage\":\"en-US\",\"potentialAction\":[{\"@type\":\"ReadAction\",\"target\":[\"https:\/\/energeticar.hr\/index.php\/2019\/04\/28\/susreti-energeticara-slavonije-i-baranje-2019-u-pozegi\/\"]}]},{\"@type\":\"ImageObject\",\"inLanguage\":\"en-US\",\"@id\":\"https:\/\/energeticar.hr\/index.php\/2019\/04\/28\/susreti-energeticara-slavonije-i-baranje-2019-u-pozegi\/#primaryimage\",\"url\":\"https:\/\/energeticar.hr\/wp-content\/uploads\/2019\/04\/WP_20190525_009-scaled.jpg\",\"contentUrl\":\"https:\/\/energeticar.hr\/wp-content\/uploads\/2019\/04\/WP_20190525_009-scaled.jpg\",\"width\":2560,\"height\":1440},{\"@type\":\"BreadcrumbList\",\"@id\":\"https:\/\/energeticar.hr\/index.php\/2019\/04\/28\/susreti-energeticara-slavonije-i-baranje-2019-u-pozegi\/#breadcrumb\",\"itemListElement\":[{\"@type\":\"ListItem\",\"position\":1,\"name\":\"Home\",\"item\":\"https:\/\/energeticar.hr\/\"},{\"@type\":\"ListItem\",\"position\":2,\"name\":\"18. Susret energeti\u010dara Slavonije i Baranje Po\u017eega, 2019. godine\"}]},{\"@type\":\"WebSite\",\"@id\":\"https:\/\/energeticar.hr\/#website\",\"url\":\"https:\/\/energeticar.hr\/\",\"name\":\"Savez energeti\u010dara Slavonije i Baranje\",\"description\":\"SESIB\",\"publisher\":{\"@id\":\"https:\/\/energeticar.hr\/#organization\"},\"potentialAction\":[{\"@type\":\"SearchAction\",\"target\":{\"@type\":\"EntryPoint\",\"urlTemplate\":\"https:\/\/energeticar.hr\/?s={search_term_string}\"},\"query-input\":{\"@type\":\"PropertyValueSpecification\",\"valueRequired\":true,\"valueName\":\"search_term_string\"}}],\"inLanguage\":\"en-US\"},{\"@type\":\"Organization\",\"@id\":\"https:\/\/energeticar.hr\/#organization\",\"name\":\"Savez energeti\u010dara Slavonije i Baranje\",\"url\":\"https:\/\/energeticar.hr\/\",\"logo\":{\"@type\":\"ImageObject\",\"inLanguage\":\"en-US\",\"@id\":\"https:\/\/energeticar.hr\/#\/schema\/logo\/image\/\",\"url\":\"https:\/\/energeticar.hr\/wp-content\/uploads\/2024\/02\/SESiB-logo-SMALL-1.png\",\"contentUrl\":\"https:\/\/energeticar.hr\/wp-content\/uploads\/2024\/02\/SESiB-logo-SMALL-1.png\",\"width\":110,\"height\":101,\"caption\":\"Savez energeti\u010dara Slavonije i Baranje\"},\"image\":{\"@id\":\"https:\/\/energeticar.hr\/#\/schema\/logo\/image\/\"}},{\"@type\":\"Person\",\"@id\":\"https:\/\/energeticar.hr\/#\/schema\/person\/f7724fe9a0486c36396a1d74adc60c3f\",\"name\":\"sesib\",\"image\":{\"@type\":\"ImageObject\",\"inLanguage\":\"en-US\",\"@id\":\"https:\/\/energeticar.hr\/#\/schema\/person\/image\/\",\"url\":\"https:\/\/secure.gravatar.com\/avatar\/468459074fb1f72d3026475883ba7b5c2540bc8d8741e496e37fcd474fa56f8f?s=96&d=mm&r=g\",\"contentUrl\":\"https:\/\/secure.gravatar.com\/avatar\/468459074fb1f72d3026475883ba7b5c2540bc8d8741e496e37fcd474fa56f8f?s=96&d=mm&r=g\",\"caption\":\"sesib\"},\"sameAs\":[\"http:\/\/energeticar.free.nf\"]}]}<\/script>\n<!-- \/ Yoast SEO plugin. -->","yoast_head_json":{"title":"18. Susret energeti\u010dara Slavonije i Baranje Po\u017eega, 2019. godine - Savez energeti\u010dara Slavonije i Baranje","description":"Dru\u0161tvo energeti\u010dara Po\u017eega organiziralo je 18. Susret energeti\u010dara Slavonije i Baranje. Susret se odr\u017eao u \u0161iroj okolici grada Po\u017eege u mjestu Kadanovci,","robots":{"index":"noindex","follow":"nofollow"},"og_locale":"en_US","og_type":"article","og_title":"18. Susret energeti\u010dara Slavonije i Baranje Po\u017eega, 2019. godine - Savez energeti\u010dara Slavonije i Baranje","og_description":"Dru\u0161tvo energeti\u010dara Po\u017eega organiziralo je 18. Susret energeti\u010dara Slavonije i Baranje. Susret se odr\u017eao u \u0161iroj okolici grada Po\u017eege u mjestu Kadanovci,","og_url":"https:\/\/energeticar.hr\/index.php\/2019\/04\/28\/susreti-energeticara-slavonije-i-baranje-2019-u-pozegi\/","og_site_name":"Savez energeti\u010dara Slavonije i Baranje","article_published_time":"2019-04-28T14:18:00+00:00","article_modified_time":"2025-01-01T20:55:07+00:00","og_image":[{"width":2560,"height":1440,"url":"https:\/\/energeticar.hr\/wp-content\/uploads\/2019\/04\/WP_20190525_009-scaled.jpg","type":"image\/jpeg"}],"author":"sesib","twitter_card":"summary_large_image","twitter_misc":{"Written by":"sesib","Est. reading time":"2 minutes"},"schema":{"@context":"https:\/\/schema.org","@graph":[{"@type":"Article","@id":"https:\/\/energeticar.hr\/index.php\/2019\/04\/28\/susreti-energeticara-slavonije-i-baranje-2019-u-pozegi\/#article","isPartOf":{"@id":"https:\/\/energeticar.hr\/index.php\/2019\/04\/28\/susreti-energeticara-slavonije-i-baranje-2019-u-pozegi\/"},"author":{"name":"sesib","@id":"https:\/\/energeticar.hr\/#\/schema\/person\/f7724fe9a0486c36396a1d74adc60c3f"},"headline":"18. Susret energeti\u010dara Slavonije i Baranje Po\u017eega, 2019. godine","datePublished":"2019-04-28T14:18:00+00:00","dateModified":"2025-01-01T20:55:07+00:00","mainEntityOfPage":{"@id":"https:\/\/energeticar.hr\/index.php\/2019\/04\/28\/susreti-energeticara-slavonije-i-baranje-2019-u-pozegi\/"},"wordCount":125,"publisher":{"@id":"https:\/\/energeticar.hr\/#organization"},"image":{"@id":"https:\/\/energeticar.hr\/index.php\/2019\/04\/28\/susreti-energeticara-slavonije-i-baranje-2019-u-pozegi\/#primaryimage"},"thumbnailUrl":"https:\/\/energeticar.hr\/wp-content\/uploads\/2019\/04\/WP_20190525_009-scaled.jpg","keywords":["Susreti SESIB"],"articleSection":["Aktualno SESiB"],"inLanguage":"en-US"},{"@type":"WebPage","@id":"https:\/\/energeticar.hr\/index.php\/2019\/04\/28\/susreti-energeticara-slavonije-i-baranje-2019-u-pozegi\/","url":"https:\/\/energeticar.hr\/index.php\/2019\/04\/28\/susreti-energeticara-slavonije-i-baranje-2019-u-pozegi\/","name":"18. Susret energeti\u010dara Slavonije i Baranje Po\u017eega, 2019. godine - Savez energeti\u010dara Slavonije i Baranje","isPartOf":{"@id":"https:\/\/energeticar.hr\/#website"},"primaryImageOfPage":{"@id":"https:\/\/energeticar.hr\/index.php\/2019\/04\/28\/susreti-energeticara-slavonije-i-baranje-2019-u-pozegi\/#primaryimage"},"image":{"@id":"https:\/\/energeticar.hr\/index.php\/2019\/04\/28\/susreti-energeticara-slavonije-i-baranje-2019-u-pozegi\/#primaryimage"},"thumbnailUrl":"https:\/\/energeticar.hr\/wp-content\/uploads\/2019\/04\/WP_20190525_009-scaled.jpg","datePublished":"2019-04-28T14:18:00+00:00","dateModified":"2025-01-01T20:55:07+00:00","description":"Dru\u0161tvo energeti\u010dara Po\u017eega organiziralo je 18. Susret energeti\u010dara Slavonije i Baranje. Susret se odr\u017eao u \u0161iroj okolici grada Po\u017eege u mjestu Kadanovci,","breadcrumb":{"@id":"https:\/\/energeticar.hr\/index.php\/2019\/04\/28\/susreti-energeticara-slavonije-i-baranje-2019-u-pozegi\/#breadcrumb"},"inLanguage":"en-US","potentialAction":[{"@type":"ReadAction","target":["https:\/\/energeticar.hr\/index.php\/2019\/04\/28\/susreti-energeticara-slavonije-i-baranje-2019-u-pozegi\/"]}]},{"@type":"ImageObject","inLanguage":"en-US","@id":"https:\/\/energeticar.hr\/index.php\/2019\/04\/28\/susreti-energeticara-slavonije-i-baranje-2019-u-pozegi\/#primaryimage","url":"https:\/\/energeticar.hr\/wp-content\/uploads\/2019\/04\/WP_20190525_009-scaled.jpg","contentUrl":"https:\/\/energeticar.hr\/wp-content\/uploads\/2019\/04\/WP_20190525_009-scaled.jpg","width":2560,"height":1440},{"@type":"BreadcrumbList","@id":"https:\/\/energeticar.hr\/index.php\/2019\/04\/28\/susreti-energeticara-slavonije-i-baranje-2019-u-pozegi\/#breadcrumb","itemListElement":[{"@type":"ListItem","position":1,"name":"Home","item":"https:\/\/energeticar.hr\/"},{"@type":"ListItem","position":2,"name":"18. Susret energeti\u010dara Slavonije i Baranje Po\u017eega, 2019. godine"}]},{"@type":"WebSite","@id":"https:\/\/energeticar.hr\/#website","url":"https:\/\/energeticar.hr\/","name":"Savez energeti\u010dara Slavonije i Baranje","description":"SESIB","publisher":{"@id":"https:\/\/energeticar.hr\/#organization"},"potentialAction":[{"@type":"SearchAction","target":{"@type":"EntryPoint","urlTemplate":"https:\/\/energeticar.hr\/?s={search_term_string}"},"query-input":{"@type":"PropertyValueSpecification","valueRequired":true,"valueName":"search_term_string"}}],"inLanguage":"en-US"},{"@type":"Organization","@id":"https:\/\/energeticar.hr\/#organization","name":"Savez energeti\u010dara Slavonije i Baranje","url":"https:\/\/energeticar.hr\/","logo":{"@type":"ImageObject","inLanguage":"en-US","@id":"https:\/\/energeticar.hr\/#\/schema\/logo\/image\/","url":"https:\/\/energeticar.hr\/wp-content\/uploads\/2024\/02\/SESiB-logo-SMALL-1.png","contentUrl":"https:\/\/energeticar.hr\/wp-content\/uploads\/2024\/02\/SESiB-logo-SMALL-1.png","width":110,"height":101,"caption":"Savez energeti\u010dara Slavonije i Baranje"},"image":{"@id":"https:\/\/energeticar.hr\/#\/schema\/logo\/image\/"}},{"@type":"Person","@id":"https:\/\/energeticar.hr\/#\/schema\/person\/f7724fe9a0486c36396a1d74adc60c3f","name":"sesib","image":{"@type":"ImageObject","inLanguage":"en-US","@id":"https:\/\/energeticar.hr\/#\/schema\/person\/image\/","url":"https:\/\/secure.gravatar.com\/avatar\/468459074fb1f72d3026475883ba7b5c2540bc8d8741e496e37fcd474fa56f8f?s=96&d=mm&r=g","contentUrl":"https:\/\/secure.gravatar.com\/avatar\/468459074fb1f72d3026475883ba7b5c2540bc8d8741e496e37fcd474fa56f8f?s=96&d=mm&r=g","caption":"sesib"},"sameAs":["http:\/\/energeticar.free.nf"]}]}},"_links":{"self":[{"href":"https:\/\/energeticar.hr\/index.php\/wp-json\/wp\/v2\/posts\/2673","targetHints":{"allow":["GET"]}}],"collection":[{"href":"https:\/\/energeticar.hr\/index.php\/wp-json\/wp\/v2\/posts"}],"about":[{"href":"https:\/\/energeticar.hr\/index.php\/wp-json\/wp\/v2\/types\/post"}],"author":[{"embeddable":true,"href":"https:\/\/energeticar.hr\/index.php\/wp-json\/wp\/v2\/users\/1"}],"replies":[{"embeddable":true,"href":"https:\/\/energeticar.hr\/index.php\/wp-json\/wp\/v2\/comments?post=2673"}],"version-history":[{"count":15,"href":"https:\/\/energeticar.hr\/index.php\/wp-json\/wp\/v2\/posts\/2673\/revisions"}],"predecessor-version":[{"id":4222,"href":"https:\/\/energeticar.hr\/index.php\/wp-json\/wp\/v2\/posts\/2673\/revisions\/4222"}],"wp:featuredmedia":[{"embeddable":true,"href":"https:\/\/energeticar.hr\/index.php\/wp-json\/wp\/v2\/media\/3192"}],"wp:attachment":[{"href":"https:\/\/energeticar.hr\/index.php\/wp-json\/wp\/v2\/media?parent=2673"}],"wp:term":[{"taxonomy":"category","embeddable":true,"href":"https:\/\/energeticar.hr\/index.php\/wp-json\/wp\/v2\/categories?post=2673"},{"taxonomy":"post_tag","embeddable":true,"href":"https:\/\/energeticar.hr\/index.php\/wp-json\/wp\/v2\/tags?post=2673"}],"curies":[{"name":"wp","href":"https:\/\/api.w.org\/{rel}","templated":true}]}}