{"id":2485,"date":"2024-03-25T06:34:25","date_gmt":"2024-03-25T06:34:25","guid":{"rendered":"http:\/\/energeticar.free.nf\/?p=2485"},"modified":"2025-12-12T15:26:16","modified_gmt":"2025-12-12T15:26:16","slug":"sjednica-upravnog-odbora-16-03-2024","status":"publish","type":"post","link":"https:\/\/energeticar.hr\/index.php\/2024\/03\/25\/sjednica-upravnog-odbora-16-03-2024\/","title":{"rendered":"Sjednica Upravnog odbora SESIB-a 16.3.2024."},"content":{"rendered":"<div class=\"wp-block-columns eplus-wrapper is-layout-flex wp-container-core-columns-is-layout-9d6595d7 wp-block-columns-is-layout-flex eplus-styles-uid-ebafa1\">\n<div class=\"wp-block-column eplus-wrapper is-layout-flow wp-block-column-is-layout-flow\">\n<p class=\" has-medium-font-size eplus-wrapper\">Upravni odbor Saveza energeti\u010dara Slavonije i Baranje odr\u017eao je 16.3.2024. godine svoju prvu sjednicu u\u00a0 novom sazivu, nakon izborne Skup\u0161tine Saveza iz prosinca 2023. godine.<\/p>\n\n\n\n<p class=\" has-medium-font-size eplus-wrapper\">Sjednica je odr\u017eana u sjedi\u0161tu udruge sa sljede\u0107im Dnevnim redom:<\/p>\n\n\n<p class=\" has-medium-font-size eplus-wrapper eplus-styles-uid-57575d\">1. \u00a0 Usvajanje zapisnika sa sjednice Upravnog odbora SESIB-a odr\u017eane dana<br>18.11.2023. godine<\/p>\n\n<p class=\" has-medium-font-size eplus-wrapper eplus-styles-uid-57575d\">2. \u00a0Informacija o aktivnostima SESIB-a u vremenu od zadnje sjednice Upravnog odbora<\/p>\n\n<p class=\" has-medium-font-size eplus-wrapper eplus-styles-uid-57575d\">3. \u00a0 Informacija o Zavr\u0161nom ra\u010dunu SESIB-a za 2023. godinu<\/p>\n\n<p class=\" has-medium-font-size eplus-wrapper eplus-styles-uid-57575d\">4.\u00a0\u00a0 Izvje\u0161\u0107e Inventurne komisije o stanju osnovnih sredstava i sitnog inventara SESIB-a na dan 31.12.2023. godine<\/p>\n\n<p class=\" has-medium-font-size eplus-wrapper eplus-styles-uid-57575d\">5.\u00a0 \u00a0Izvje\u0161\u0107e komisije za izobrazbu, osposobljavanje i usavr\u0161avanje energetskih kadrova o organizaciji i provo\u0111enju pripremnih te\u010dajeva za stru\u010dne ispite za energetska zvanja u proljetnom ciklusu osposobljavanja u 2024. godini<\/p>\n\n<p class=\" has-medium-font-size eplus-wrapper eplus-styles-uid-57575d\">6.\u00a0\u00a0 Organizacija stru\u010dne ekskurzije SESIB-a u 2024. godini<\/p>\n\n<p class=\" has-medium-font-size eplus-wrapper eplus-styles-uid-57575d\">7. \u00a0 Informacija o odr\u017eavanju 21. Susreta energeti\u010dara Slavonije i Baranje u Slavonskom Brodu<\/p>\n\n<p class=\" has-medium-font-size eplus-wrapper eplus-styles-uid-57575d\">8.\u00a0\u00a0 Plan potreba SESIB-a u 2024. godini<\/p>\n\n<p class=\" has-medium-font-size eplus-wrapper eplus-styles-uid-57575d\">9.\u00a0\u00a0 Inicijative i prijedlozi vezani za rad SESIB-a u 2024. godini<\/p>\n\n\n<p class=\" has-medium-font-size eplus-wrapper\">10. Razno\u00a0\u00a0\u00a0\u00a0\u00a0\u00a0\u00a0\u00a0\u00a0\u00a0\u00a0 <\/p>\n<\/div>\n\n\n\n<div class=\"wp-block-column eplus-wrapper is-layout-flow wp-block-column-is-layout-flow\">\n<figure data-wp-context='{\"imageId\":\"69f5c9315d7a6\"}' data-wp-interactive=\"core\/image\" data-wp-key=\"69f5c9315d7a6\" class=\"wp-block-image size-large eplus-wrapper wp-lightbox-container\"><img loading=\"lazy\" decoding=\"async\" width=\"1024\" height=\"768\" data-wp-class--hide=\"state.isContentHidden\" data-wp-class--show=\"state.isContentVisible\" data-wp-init=\"callbacks.setButtonStyles\" data-wp-on--click=\"actions.showLightbox\" data-wp-on--load=\"callbacks.setButtonStyles\" data-wp-on-window--resize=\"callbacks.setButtonStyles\" src=\"http:\/\/energeticar.free.nf\/wp-content\/uploads\/2024\/03\/20240316_121252-1-1024x768.jpg\" alt=\"\" class=\"wp-image-2486\" srcset=\"https:\/\/energeticar.hr\/wp-content\/uploads\/2024\/03\/20240316_121252-1-1024x768.jpg 1024w, https:\/\/energeticar.hr\/wp-content\/uploads\/2024\/03\/20240316_121252-1-300x225.jpg 300w, https:\/\/energeticar.hr\/wp-content\/uploads\/2024\/03\/20240316_121252-1-768x576.jpg 768w, https:\/\/energeticar.hr\/wp-content\/uploads\/2024\/03\/20240316_121252-1-1536x1152.jpg 1536w, https:\/\/energeticar.hr\/wp-content\/uploads\/2024\/03\/20240316_121252-1-2048x1536.jpg 2048w\" sizes=\"auto, (max-width: 1024px) 100vw, 1024px\" \/><button class=\"lightbox-trigger\" type=\"button\" aria-haspopup=\"dialog\" aria-label=\"Enlarge\" data-wp-init=\"callbacks.initTriggerButton\" data-wp-on--click=\"actions.showLightbox\" data-wp-style--right=\"state.imageButtonRight\" data-wp-style--top=\"state.imageButtonTop\">\n\t\t\t<svg xmlns=\"http:\/\/www.w3.org\/2000\/svg\" width=\"12\" height=\"12\" fill=\"none\" viewbox=\"0 0 12 12\">\n\t\t\t\t<path fill=\"#fff\" d=\"M2 0a2 2 0 0 0-2 2v2h1.5V2a.5.5 0 0 1 .5-.5h2V0H2Zm2 10.5H2a.5.5 0 0 1-.5-.5V8H0v2a2 2 0 0 0 2 2h2v-1.5ZM8 12v-1.5h2a.5.5 0 0 0 .5-.5V8H12v2a2 2 0 0 1-2 2H8Zm2-12a2 2 0 0 1 2 2v2h-1.5V2a.5.5 0 0 0-.5-.5H8V0h2Z\"><\/path>\n\t\t\t<\/svg>\n\t\t<\/button><\/figure>\n<\/div>\n<\/div>","protected":false},"excerpt":{"rendered":"<p>Upravni odbor Saveza energeti\u010dara Slavonije i Baranje odr\u017eao je 16.3.2024. godine svoju prvu sjednicu u&nbsp; novom sazivu, nakon izborne Skup\u0161tine Saveza iz prosinca 2023. godine. Sjednica je odr\u017eana u sjedi\u0161tu udruge sa sljede\u0107im Dnevnim redom: 1. \u00a0 Usvajanje zapisnika sa sjednice Upravnog odbora SESIB-a odr\u017eane dana18.11.2023. godine 2. \u00a0Informacija o aktivnostima SESIB-a u vremenu od &#8230; <a title=\"Sjednica Upravnog odbora SESIB-a 16.3.2024.\" class=\"read-more\" href=\"https:\/\/energeticar.hr\/index.php\/2024\/03\/25\/sjednica-upravnog-odbora-16-03-2024\/\" aria-label=\"More on Sjednica Upravnog odbora SESIB-a 16.3.2024.\">Vi\u0161e o tome<\/a><\/p>\n","protected":false},"author":1,"featured_media":2486,"comment_status":"closed","ping_status":"closed","sticky":false,"template":"","format":"standard","meta":{"editor_plus_copied_stylings":"{}","footnotes":""},"categories":[15],"tags":[25],"class_list":["post-2485","post","type-post","status-publish","format-standard","has-post-thumbnail","hentry","category-aktualno-sesib","tag-skupstine-i-sjednice-sesib"],"yoast_head":"<!-- This site is optimized with the Yoast SEO plugin v26.8 - https:\/\/yoast.com\/product\/yoast-seo-wordpress\/ -->\n<title>Sjednica Upravnog odbora SESIB-a 16.3.2024. - Savez energeti\u010dara Slavonije i Baranje<\/title>\n<meta name=\"description\" content=\"Upravni odbor Saveza energeti\u010dara Slavonije i Baranje odr\u017eao je 16.3.2024. godine svoju prvu sjednicu u&nbsp; novom sazivu, nakon izborne Skup\u0161tine Saveza\" \/>\n<meta name=\"robots\" content=\"noindex, nofollow\" \/>\n<meta property=\"og:locale\" content=\"en_US\" \/>\n<meta property=\"og:type\" content=\"article\" \/>\n<meta property=\"og:title\" content=\"Sjednica Upravnog odbora SESIB-a 16.3.2024. - Savez energeti\u010dara Slavonije i Baranje\" \/>\n<meta property=\"og:description\" content=\"Upravni odbor Saveza energeti\u010dara Slavonije i Baranje odr\u017eao je 16.3.2024. godine svoju prvu sjednicu u&nbsp; novom sazivu, nakon izborne Skup\u0161tine Saveza\" \/>\n<meta property=\"og:url\" content=\"https:\/\/energeticar.hr\/index.php\/2024\/03\/25\/sjednica-upravnog-odbora-16-03-2024\/\" \/>\n<meta property=\"og:site_name\" content=\"Savez energeti\u010dara Slavonije i Baranje\" \/>\n<meta property=\"article:published_time\" content=\"2024-03-25T06:34:25+00:00\" \/>\n<meta property=\"article:modified_time\" content=\"2025-12-12T15:26:16+00:00\" \/>\n<meta property=\"og:image\" content=\"https:\/\/energeticar.hr\/wp-content\/uploads\/2024\/03\/20240316_121252-1-scaled.jpg\" \/>\n\t<meta property=\"og:image:width\" content=\"2560\" \/>\n\t<meta property=\"og:image:height\" content=\"1920\" \/>\n\t<meta property=\"og:image:type\" content=\"image\/jpeg\" \/>\n<meta name=\"author\" content=\"sesib\" \/>\n<meta name=\"twitter:card\" content=\"summary_large_image\" \/>\n<meta name=\"twitter:label1\" content=\"Written by\" \/>\n\t<meta name=\"twitter:data1\" content=\"sesib\" \/>\n\t<meta name=\"twitter:label2\" content=\"Est. reading time\" \/>\n\t<meta name=\"twitter:data2\" content=\"2 minutes\" \/>\n<script type=\"application\/ld+json\" class=\"yoast-schema-graph\">{\"@context\":\"https:\/\/schema.org\",\"@graph\":[{\"@type\":\"Article\",\"@id\":\"https:\/\/energeticar.hr\/index.php\/2024\/03\/25\/sjednica-upravnog-odbora-16-03-2024\/#article\",\"isPartOf\":{\"@id\":\"https:\/\/energeticar.hr\/index.php\/2024\/03\/25\/sjednica-upravnog-odbora-16-03-2024\/\"},\"author\":{\"name\":\"sesib\",\"@id\":\"https:\/\/energeticar.hr\/#\/schema\/person\/f7724fe9a0486c36396a1d74adc60c3f\"},\"headline\":\"Sjednica Upravnog odbora SESIB-a 16.3.2024.\",\"datePublished\":\"2024-03-25T06:34:25+00:00\",\"dateModified\":\"2025-12-12T15:26:16+00:00\",\"mainEntityOfPage\":{\"@id\":\"https:\/\/energeticar.hr\/index.php\/2024\/03\/25\/sjednica-upravnog-odbora-16-03-2024\/\"},\"wordCount\":182,\"publisher\":{\"@id\":\"https:\/\/energeticar.hr\/#organization\"},\"image\":{\"@id\":\"https:\/\/energeticar.hr\/index.php\/2024\/03\/25\/sjednica-upravnog-odbora-16-03-2024\/#primaryimage\"},\"thumbnailUrl\":\"https:\/\/energeticar.hr\/wp-content\/uploads\/2024\/03\/20240316_121252-1-scaled.jpg\",\"keywords\":[\"Skup\u0161tine i sjednice SESIB\"],\"articleSection\":[\"Aktualno SESiB\"],\"inLanguage\":\"en-US\"},{\"@type\":\"WebPage\",\"@id\":\"https:\/\/energeticar.hr\/index.php\/2024\/03\/25\/sjednica-upravnog-odbora-16-03-2024\/\",\"url\":\"https:\/\/energeticar.hr\/index.php\/2024\/03\/25\/sjednica-upravnog-odbora-16-03-2024\/\",\"name\":\"Sjednica Upravnog odbora SESIB-a 16.3.2024. - Savez energeti\u010dara Slavonije i Baranje\",\"isPartOf\":{\"@id\":\"https:\/\/energeticar.hr\/#website\"},\"primaryImageOfPage\":{\"@id\":\"https:\/\/energeticar.hr\/index.php\/2024\/03\/25\/sjednica-upravnog-odbora-16-03-2024\/#primaryimage\"},\"image\":{\"@id\":\"https:\/\/energeticar.hr\/index.php\/2024\/03\/25\/sjednica-upravnog-odbora-16-03-2024\/#primaryimage\"},\"thumbnailUrl\":\"https:\/\/energeticar.hr\/wp-content\/uploads\/2024\/03\/20240316_121252-1-scaled.jpg\",\"datePublished\":\"2024-03-25T06:34:25+00:00\",\"dateModified\":\"2025-12-12T15:26:16+00:00\",\"description\":\"Upravni odbor Saveza energeti\u010dara Slavonije i Baranje odr\u017eao je 16.3.2024. godine svoju prvu sjednicu u&nbsp; novom sazivu, nakon izborne Skup\u0161tine Saveza\",\"breadcrumb\":{\"@id\":\"https:\/\/energeticar.hr\/index.php\/2024\/03\/25\/sjednica-upravnog-odbora-16-03-2024\/#breadcrumb\"},\"inLanguage\":\"en-US\",\"potentialAction\":[{\"@type\":\"ReadAction\",\"target\":[\"https:\/\/energeticar.hr\/index.php\/2024\/03\/25\/sjednica-upravnog-odbora-16-03-2024\/\"]}]},{\"@type\":\"ImageObject\",\"inLanguage\":\"en-US\",\"@id\":\"https:\/\/energeticar.hr\/index.php\/2024\/03\/25\/sjednica-upravnog-odbora-16-03-2024\/#primaryimage\",\"url\":\"https:\/\/energeticar.hr\/wp-content\/uploads\/2024\/03\/20240316_121252-1-scaled.jpg\",\"contentUrl\":\"https:\/\/energeticar.hr\/wp-content\/uploads\/2024\/03\/20240316_121252-1-scaled.jpg\",\"width\":2560,\"height\":1920},{\"@type\":\"BreadcrumbList\",\"@id\":\"https:\/\/energeticar.hr\/index.php\/2024\/03\/25\/sjednica-upravnog-odbora-16-03-2024\/#breadcrumb\",\"itemListElement\":[{\"@type\":\"ListItem\",\"position\":1,\"name\":\"Home\",\"item\":\"https:\/\/energeticar.hr\/\"},{\"@type\":\"ListItem\",\"position\":2,\"name\":\"Sjednica Upravnog odbora SESIB-a 16.3.2024.\"}]},{\"@type\":\"WebSite\",\"@id\":\"https:\/\/energeticar.hr\/#website\",\"url\":\"https:\/\/energeticar.hr\/\",\"name\":\"Savez energeti\u010dara Slavonije i Baranje\",\"description\":\"SESIB\",\"publisher\":{\"@id\":\"https:\/\/energeticar.hr\/#organization\"},\"potentialAction\":[{\"@type\":\"SearchAction\",\"target\":{\"@type\":\"EntryPoint\",\"urlTemplate\":\"https:\/\/energeticar.hr\/?s={search_term_string}\"},\"query-input\":{\"@type\":\"PropertyValueSpecification\",\"valueRequired\":true,\"valueName\":\"search_term_string\"}}],\"inLanguage\":\"en-US\"},{\"@type\":\"Organization\",\"@id\":\"https:\/\/energeticar.hr\/#organization\",\"name\":\"Savez energeti\u010dara Slavonije i Baranje\",\"url\":\"https:\/\/energeticar.hr\/\",\"logo\":{\"@type\":\"ImageObject\",\"inLanguage\":\"en-US\",\"@id\":\"https:\/\/energeticar.hr\/#\/schema\/logo\/image\/\",\"url\":\"https:\/\/energeticar.hr\/wp-content\/uploads\/2024\/02\/SESiB-logo-SMALL-1.png\",\"contentUrl\":\"https:\/\/energeticar.hr\/wp-content\/uploads\/2024\/02\/SESiB-logo-SMALL-1.png\",\"width\":110,\"height\":101,\"caption\":\"Savez energeti\u010dara Slavonije i Baranje\"},\"image\":{\"@id\":\"https:\/\/energeticar.hr\/#\/schema\/logo\/image\/\"}},{\"@type\":\"Person\",\"@id\":\"https:\/\/energeticar.hr\/#\/schema\/person\/f7724fe9a0486c36396a1d74adc60c3f\",\"name\":\"sesib\",\"image\":{\"@type\":\"ImageObject\",\"inLanguage\":\"en-US\",\"@id\":\"https:\/\/energeticar.hr\/#\/schema\/person\/image\/\",\"url\":\"https:\/\/secure.gravatar.com\/avatar\/468459074fb1f72d3026475883ba7b5c2540bc8d8741e496e37fcd474fa56f8f?s=96&d=mm&r=g\",\"contentUrl\":\"https:\/\/secure.gravatar.com\/avatar\/468459074fb1f72d3026475883ba7b5c2540bc8d8741e496e37fcd474fa56f8f?s=96&d=mm&r=g\",\"caption\":\"sesib\"},\"sameAs\":[\"http:\/\/energeticar.free.nf\"]}]}<\/script>\n<!-- \/ Yoast SEO plugin. -->","yoast_head_json":{"title":"Sjednica Upravnog odbora SESIB-a 16.3.2024. - Savez energeti\u010dara Slavonije i Baranje","description":"Upravni odbor Saveza energeti\u010dara Slavonije i Baranje odr\u017eao je 16.3.2024. godine svoju prvu sjednicu u&nbsp; novom sazivu, nakon izborne Skup\u0161tine Saveza","robots":{"index":"noindex","follow":"nofollow"},"og_locale":"en_US","og_type":"article","og_title":"Sjednica Upravnog odbora SESIB-a 16.3.2024. - Savez energeti\u010dara Slavonije i Baranje","og_description":"Upravni odbor Saveza energeti\u010dara Slavonije i Baranje odr\u017eao je 16.3.2024. godine svoju prvu sjednicu u&nbsp; novom sazivu, nakon izborne Skup\u0161tine Saveza","og_url":"https:\/\/energeticar.hr\/index.php\/2024\/03\/25\/sjednica-upravnog-odbora-16-03-2024\/","og_site_name":"Savez energeti\u010dara Slavonije i Baranje","article_published_time":"2024-03-25T06:34:25+00:00","article_modified_time":"2025-12-12T15:26:16+00:00","og_image":[{"width":2560,"height":1920,"url":"https:\/\/energeticar.hr\/wp-content\/uploads\/2024\/03\/20240316_121252-1-scaled.jpg","type":"image\/jpeg"}],"author":"sesib","twitter_card":"summary_large_image","twitter_misc":{"Written by":"sesib","Est. reading time":"2 minutes"},"schema":{"@context":"https:\/\/schema.org","@graph":[{"@type":"Article","@id":"https:\/\/energeticar.hr\/index.php\/2024\/03\/25\/sjednica-upravnog-odbora-16-03-2024\/#article","isPartOf":{"@id":"https:\/\/energeticar.hr\/index.php\/2024\/03\/25\/sjednica-upravnog-odbora-16-03-2024\/"},"author":{"name":"sesib","@id":"https:\/\/energeticar.hr\/#\/schema\/person\/f7724fe9a0486c36396a1d74adc60c3f"},"headline":"Sjednica Upravnog odbora SESIB-a 16.3.2024.","datePublished":"2024-03-25T06:34:25+00:00","dateModified":"2025-12-12T15:26:16+00:00","mainEntityOfPage":{"@id":"https:\/\/energeticar.hr\/index.php\/2024\/03\/25\/sjednica-upravnog-odbora-16-03-2024\/"},"wordCount":182,"publisher":{"@id":"https:\/\/energeticar.hr\/#organization"},"image":{"@id":"https:\/\/energeticar.hr\/index.php\/2024\/03\/25\/sjednica-upravnog-odbora-16-03-2024\/#primaryimage"},"thumbnailUrl":"https:\/\/energeticar.hr\/wp-content\/uploads\/2024\/03\/20240316_121252-1-scaled.jpg","keywords":["Skup\u0161tine i sjednice SESIB"],"articleSection":["Aktualno SESiB"],"inLanguage":"en-US"},{"@type":"WebPage","@id":"https:\/\/energeticar.hr\/index.php\/2024\/03\/25\/sjednica-upravnog-odbora-16-03-2024\/","url":"https:\/\/energeticar.hr\/index.php\/2024\/03\/25\/sjednica-upravnog-odbora-16-03-2024\/","name":"Sjednica Upravnog odbora SESIB-a 16.3.2024. - Savez energeti\u010dara Slavonije i Baranje","isPartOf":{"@id":"https:\/\/energeticar.hr\/#website"},"primaryImageOfPage":{"@id":"https:\/\/energeticar.hr\/index.php\/2024\/03\/25\/sjednica-upravnog-odbora-16-03-2024\/#primaryimage"},"image":{"@id":"https:\/\/energeticar.hr\/index.php\/2024\/03\/25\/sjednica-upravnog-odbora-16-03-2024\/#primaryimage"},"thumbnailUrl":"https:\/\/energeticar.hr\/wp-content\/uploads\/2024\/03\/20240316_121252-1-scaled.jpg","datePublished":"2024-03-25T06:34:25+00:00","dateModified":"2025-12-12T15:26:16+00:00","description":"Upravni odbor Saveza energeti\u010dara Slavonije i Baranje odr\u017eao je 16.3.2024. godine svoju prvu sjednicu u&nbsp; novom sazivu, nakon izborne Skup\u0161tine Saveza","breadcrumb":{"@id":"https:\/\/energeticar.hr\/index.php\/2024\/03\/25\/sjednica-upravnog-odbora-16-03-2024\/#breadcrumb"},"inLanguage":"en-US","potentialAction":[{"@type":"ReadAction","target":["https:\/\/energeticar.hr\/index.php\/2024\/03\/25\/sjednica-upravnog-odbora-16-03-2024\/"]}]},{"@type":"ImageObject","inLanguage":"en-US","@id":"https:\/\/energeticar.hr\/index.php\/2024\/03\/25\/sjednica-upravnog-odbora-16-03-2024\/#primaryimage","url":"https:\/\/energeticar.hr\/wp-content\/uploads\/2024\/03\/20240316_121252-1-scaled.jpg","contentUrl":"https:\/\/energeticar.hr\/wp-content\/uploads\/2024\/03\/20240316_121252-1-scaled.jpg","width":2560,"height":1920},{"@type":"BreadcrumbList","@id":"https:\/\/energeticar.hr\/index.php\/2024\/03\/25\/sjednica-upravnog-odbora-16-03-2024\/#breadcrumb","itemListElement":[{"@type":"ListItem","position":1,"name":"Home","item":"https:\/\/energeticar.hr\/"},{"@type":"ListItem","position":2,"name":"Sjednica Upravnog odbora SESIB-a 16.3.2024."}]},{"@type":"WebSite","@id":"https:\/\/energeticar.hr\/#website","url":"https:\/\/energeticar.hr\/","name":"Savez energeti\u010dara Slavonije i Baranje","description":"SESIB","publisher":{"@id":"https:\/\/energeticar.hr\/#organization"},"potentialAction":[{"@type":"SearchAction","target":{"@type":"EntryPoint","urlTemplate":"https:\/\/energeticar.hr\/?s={search_term_string}"},"query-input":{"@type":"PropertyValueSpecification","valueRequired":true,"valueName":"search_term_string"}}],"inLanguage":"en-US"},{"@type":"Organization","@id":"https:\/\/energeticar.hr\/#organization","name":"Savez energeti\u010dara Slavonije i Baranje","url":"https:\/\/energeticar.hr\/","logo":{"@type":"ImageObject","inLanguage":"en-US","@id":"https:\/\/energeticar.hr\/#\/schema\/logo\/image\/","url":"https:\/\/energeticar.hr\/wp-content\/uploads\/2024\/02\/SESiB-logo-SMALL-1.png","contentUrl":"https:\/\/energeticar.hr\/wp-content\/uploads\/2024\/02\/SESiB-logo-SMALL-1.png","width":110,"height":101,"caption":"Savez energeti\u010dara Slavonije i Baranje"},"image":{"@id":"https:\/\/energeticar.hr\/#\/schema\/logo\/image\/"}},{"@type":"Person","@id":"https:\/\/energeticar.hr\/#\/schema\/person\/f7724fe9a0486c36396a1d74adc60c3f","name":"sesib","image":{"@type":"ImageObject","inLanguage":"en-US","@id":"https:\/\/energeticar.hr\/#\/schema\/person\/image\/","url":"https:\/\/secure.gravatar.com\/avatar\/468459074fb1f72d3026475883ba7b5c2540bc8d8741e496e37fcd474fa56f8f?s=96&d=mm&r=g","contentUrl":"https:\/\/secure.gravatar.com\/avatar\/468459074fb1f72d3026475883ba7b5c2540bc8d8741e496e37fcd474fa56f8f?s=96&d=mm&r=g","caption":"sesib"},"sameAs":["http:\/\/energeticar.free.nf"]}]}},"_links":{"self":[{"href":"https:\/\/energeticar.hr\/index.php\/wp-json\/wp\/v2\/posts\/2485","targetHints":{"allow":["GET"]}}],"collection":[{"href":"https:\/\/energeticar.hr\/index.php\/wp-json\/wp\/v2\/posts"}],"about":[{"href":"https:\/\/energeticar.hr\/index.php\/wp-json\/wp\/v2\/types\/post"}],"author":[{"embeddable":true,"href":"https:\/\/energeticar.hr\/index.php\/wp-json\/wp\/v2\/users\/1"}],"replies":[{"embeddable":true,"href":"https:\/\/energeticar.hr\/index.php\/wp-json\/wp\/v2\/comments?post=2485"}],"version-history":[{"count":16,"href":"https:\/\/energeticar.hr\/index.php\/wp-json\/wp\/v2\/posts\/2485\/revisions"}],"predecessor-version":[{"id":4716,"href":"https:\/\/energeticar.hr\/index.php\/wp-json\/wp\/v2\/posts\/2485\/revisions\/4716"}],"wp:featuredmedia":[{"embeddable":true,"href":"https:\/\/energeticar.hr\/index.php\/wp-json\/wp\/v2\/media\/2486"}],"wp:attachment":[{"href":"https:\/\/energeticar.hr\/index.php\/wp-json\/wp\/v2\/media?parent=2485"}],"wp:term":[{"taxonomy":"category","embeddable":true,"href":"https:\/\/energeticar.hr\/index.php\/wp-json\/wp\/v2\/categories?post=2485"},{"taxonomy":"post_tag","embeddable":true,"href":"https:\/\/energeticar.hr\/index.php\/wp-json\/wp\/v2\/tags?post=2485"}],"curies":[{"name":"wp","href":"https:\/\/api.w.org\/{rel}","templated":true}]}}