{"id":212,"date":"2024-02-15T15:30:27","date_gmt":"2024-02-15T15:30:27","guid":{"rendered":"http:\/\/energeticar.free.nf\/?p=212"},"modified":"2025-01-02T09:18:13","modified_gmt":"2025-01-02T09:18:13","slug":"pasivna-arhitektura","status":"publish","type":"post","link":"https:\/\/energeticar.hr\/index.php\/2024\/02\/15\/pasivna-arhitektura\/","title":{"rendered":"Pasivna arhitektura"},"content":{"rendered":"\n<p class=\" has-medium-font-size eplus-wrapper\"><strong>Pi\u0161e: Antun Gabri\u0107, energetski savjetnik, Sekcija za obrazovanje dru\u0161tva energeti\u010dara Slavonski Brod<\/strong><\/p>\n\n\n<div class=\"wp-block-columns eplus-wrapper is-layout-flex wp-container-core-columns-is-layout-9d6595d7 wp-block-columns-is-layout-flex eplus-styles-uid-9bbe01\">\n<div class=\"wp-block-column eplus-wrapper is-layout-flow wp-block-column-is-layout-flow\">\n<p class=\" has-medium-font-size eplus-wrapper\">Glavna je ideja pasivne arhitekture kori\u0161tenje sun\u010deve energije za grijanje ku\u0107e u zimskom i spre\u010davanje upada sun\u010devog zra\u010denja u ljetnom razdoblju kako bi se smanjila potreba za hla\u0111enjem. Zidovi ku\u0107e trebaju biti toplinski izolirani s barem 7-10 cm toplinske izolacije, a prozori bi trebali biti IZO &#8220;LOW-E&#8221;. Lokacija, orijentacija, oblik, smje\u0161taj i veli\u010dina prozora s roletama, unutra\u0161nji raspored te vegetacija u okolici, sve ovo utje\u010de na potro\u0161nju energije. Ku\u0107u bi trebalo orijentirati prema jugu s tim da bi prozori na ju\u017enoj strani ku\u0107e trebali biti ve\u0107i radi maksimalnog iskori\u0161tenja sun\u010devog zra\u010denja, a na sjevernoj strani prozori manji kako bi se sprije\u010dili toplinski gubitci. Ako se gradi ku\u0107a po principu pasivne arhitekture u\u0161tedjet \u0107e se energija za grijanje i hla\u0111enje te manje zaga\u0111enje okoli\u0161a.<\/p>\n<\/div>\n\n\n\n<div class=\"wp-block-column eplus-wrapper is-layout-flow wp-block-column-is-layout-flow\">\n<figure class=\" wp-block-image size-full eplus-wrapper\"><img loading=\"lazy\" decoding=\"async\" width=\"610\" height=\"400\" src=\"https:\/\/energeticar.hr\/wp-content\/uploads\/2024\/02\/Pasivna-arhitektura.jpg\" alt=\"\" class=\"wp-image-213\"><\/figure>\n<\/div>\n<\/div>","protected":false},"excerpt":{"rendered":"<p>Pi\u0161e: Antun Gabri\u0107, energetski savjetnik, Sekcija za obrazovanje dru\u0161tva energeti\u010dara Slavonski Brod Glavna je ideja pasivne arhitekture kori\u0161tenje sun\u010deve energije za grijanje ku\u0107e u zimskom i spre\u010davanje upada sun\u010devog zra\u010denja u ljetnom razdoblju kako bi se smanjila potreba za hla\u0111enjem. Zidovi ku\u0107e trebaju biti toplinski izolirani s barem 7-10 cm toplinske izolacije, a prozori bi &#8230; <a title=\"Pasivna arhitektura\" class=\"read-more\" href=\"https:\/\/energeticar.hr\/index.php\/2024\/02\/15\/pasivna-arhitektura\/\" aria-label=\"More on Pasivna arhitektura\">Vi\u0161e o tome<\/a><\/p>\n","protected":false},"author":1,"featured_media":213,"comment_status":"closed","ping_status":"closed","sticky":false,"template":"","format":"standard","meta":{"editor_plus_copied_stylings":"{}","footnotes":""},"categories":[8],"tags":[4],"class_list":["post-212","post","type-post","status-publish","format-standard","has-post-thumbnail","hentry","category-zanimljivosti","tag-energetska-usteda"],"yoast_head":"<!-- This site is optimized with the Yoast SEO plugin v26.8 - https:\/\/yoast.com\/product\/yoast-seo-wordpress\/ -->\n<title>Pasivna arhitektura - Savez energeti\u010dara Slavonije i Baranje<\/title>\n<meta name=\"description\" content=\"Pi\u0161e: Antun Gabri\u0107, energetski savjetnik, Sekcija za obrazovanje dru\u0161tva energeti\u010dara Slavonski Brod Glavna je ideja pasivne arhitekture kori\u0161tenje\" \/>\n<meta name=\"robots\" content=\"noindex, nofollow\" \/>\n<meta property=\"og:locale\" content=\"en_US\" \/>\n<meta property=\"og:type\" content=\"article\" \/>\n<meta property=\"og:title\" content=\"Pasivna arhitektura - Savez energeti\u010dara Slavonije i Baranje\" \/>\n<meta property=\"og:description\" content=\"Pi\u0161e: Antun Gabri\u0107, energetski savjetnik, Sekcija za obrazovanje dru\u0161tva energeti\u010dara Slavonski Brod Glavna je ideja pasivne arhitekture kori\u0161tenje\" \/>\n<meta property=\"og:url\" content=\"https:\/\/energeticar.hr\/index.php\/2024\/02\/15\/pasivna-arhitektura\/\" \/>\n<meta property=\"og:site_name\" content=\"Savez energeti\u010dara Slavonije i Baranje\" \/>\n<meta property=\"article:published_time\" content=\"2024-02-15T15:30:27+00:00\" \/>\n<meta property=\"article:modified_time\" content=\"2025-01-02T09:18:13+00:00\" \/>\n<meta property=\"og:image\" content=\"https:\/\/energeticar.hr\/wp-content\/uploads\/2024\/02\/Pasivna-arhitektura.jpg\" \/>\n\t<meta property=\"og:image:width\" content=\"610\" \/>\n\t<meta property=\"og:image:height\" content=\"400\" \/>\n\t<meta property=\"og:image:type\" content=\"image\/jpeg\" \/>\n<meta name=\"author\" content=\"sesib\" \/>\n<meta name=\"twitter:card\" content=\"summary_large_image\" \/>\n<meta name=\"twitter:label1\" content=\"Written by\" \/>\n\t<meta name=\"twitter:data1\" content=\"sesib\" \/>\n\t<meta name=\"twitter:label2\" content=\"Est. reading time\" \/>\n\t<meta name=\"twitter:data2\" content=\"1 minute\" \/>\n<script type=\"application\/ld+json\" class=\"yoast-schema-graph\">{\"@context\":\"https:\/\/schema.org\",\"@graph\":[{\"@type\":\"Article\",\"@id\":\"https:\/\/energeticar.hr\/index.php\/2024\/02\/15\/pasivna-arhitektura\/#article\",\"isPartOf\":{\"@id\":\"https:\/\/energeticar.hr\/index.php\/2024\/02\/15\/pasivna-arhitektura\/\"},\"author\":{\"name\":\"sesib\",\"@id\":\"https:\/\/energeticar.hr\/#\/schema\/person\/f7724fe9a0486c36396a1d74adc60c3f\"},\"headline\":\"Pasivna arhitektura\",\"datePublished\":\"2024-02-15T15:30:27+00:00\",\"dateModified\":\"2025-01-02T09:18:13+00:00\",\"mainEntityOfPage\":{\"@id\":\"https:\/\/energeticar.hr\/index.php\/2024\/02\/15\/pasivna-arhitektura\/\"},\"wordCount\":166,\"publisher\":{\"@id\":\"https:\/\/energeticar.hr\/#organization\"},\"image\":{\"@id\":\"https:\/\/energeticar.hr\/index.php\/2024\/02\/15\/pasivna-arhitektura\/#primaryimage\"},\"thumbnailUrl\":\"https:\/\/energeticar.hr\/wp-content\/uploads\/2024\/02\/Pasivna-arhitektura.jpg\",\"keywords\":[\"Energetska u\u0161teda\"],\"articleSection\":[\"Zanimljivosti\"],\"inLanguage\":\"en-US\"},{\"@type\":\"WebPage\",\"@id\":\"https:\/\/energeticar.hr\/index.php\/2024\/02\/15\/pasivna-arhitektura\/\",\"url\":\"https:\/\/energeticar.hr\/index.php\/2024\/02\/15\/pasivna-arhitektura\/\",\"name\":\"Pasivna arhitektura - Savez energeti\u010dara Slavonije i Baranje\",\"isPartOf\":{\"@id\":\"https:\/\/energeticar.hr\/#website\"},\"primaryImageOfPage\":{\"@id\":\"https:\/\/energeticar.hr\/index.php\/2024\/02\/15\/pasivna-arhitektura\/#primaryimage\"},\"image\":{\"@id\":\"https:\/\/energeticar.hr\/index.php\/2024\/02\/15\/pasivna-arhitektura\/#primaryimage\"},\"thumbnailUrl\":\"https:\/\/energeticar.hr\/wp-content\/uploads\/2024\/02\/Pasivna-arhitektura.jpg\",\"datePublished\":\"2024-02-15T15:30:27+00:00\",\"dateModified\":\"2025-01-02T09:18:13+00:00\",\"description\":\"Pi\u0161e: Antun Gabri\u0107, energetski savjetnik, Sekcija za obrazovanje dru\u0161tva energeti\u010dara Slavonski Brod Glavna je ideja pasivne arhitekture kori\u0161tenje\",\"breadcrumb\":{\"@id\":\"https:\/\/energeticar.hr\/index.php\/2024\/02\/15\/pasivna-arhitektura\/#breadcrumb\"},\"inLanguage\":\"en-US\",\"potentialAction\":[{\"@type\":\"ReadAction\",\"target\":[\"https:\/\/energeticar.hr\/index.php\/2024\/02\/15\/pasivna-arhitektura\/\"]}]},{\"@type\":\"ImageObject\",\"inLanguage\":\"en-US\",\"@id\":\"https:\/\/energeticar.hr\/index.php\/2024\/02\/15\/pasivna-arhitektura\/#primaryimage\",\"url\":\"https:\/\/energeticar.hr\/wp-content\/uploads\/2024\/02\/Pasivna-arhitektura.jpg\",\"contentUrl\":\"https:\/\/energeticar.hr\/wp-content\/uploads\/2024\/02\/Pasivna-arhitektura.jpg\",\"width\":610,\"height\":400},{\"@type\":\"BreadcrumbList\",\"@id\":\"https:\/\/energeticar.hr\/index.php\/2024\/02\/15\/pasivna-arhitektura\/#breadcrumb\",\"itemListElement\":[{\"@type\":\"ListItem\",\"position\":1,\"name\":\"Home\",\"item\":\"https:\/\/energeticar.hr\/\"},{\"@type\":\"ListItem\",\"position\":2,\"name\":\"Pasivna arhitektura\"}]},{\"@type\":\"WebSite\",\"@id\":\"https:\/\/energeticar.hr\/#website\",\"url\":\"https:\/\/energeticar.hr\/\",\"name\":\"Savez energeti\u010dara Slavonije i Baranje\",\"description\":\"SESIB\",\"publisher\":{\"@id\":\"https:\/\/energeticar.hr\/#organization\"},\"potentialAction\":[{\"@type\":\"SearchAction\",\"target\":{\"@type\":\"EntryPoint\",\"urlTemplate\":\"https:\/\/energeticar.hr\/?s={search_term_string}\"},\"query-input\":{\"@type\":\"PropertyValueSpecification\",\"valueRequired\":true,\"valueName\":\"search_term_string\"}}],\"inLanguage\":\"en-US\"},{\"@type\":\"Organization\",\"@id\":\"https:\/\/energeticar.hr\/#organization\",\"name\":\"Savez energeti\u010dara Slavonije i Baranje\",\"url\":\"https:\/\/energeticar.hr\/\",\"logo\":{\"@type\":\"ImageObject\",\"inLanguage\":\"en-US\",\"@id\":\"https:\/\/energeticar.hr\/#\/schema\/logo\/image\/\",\"url\":\"https:\/\/energeticar.hr\/wp-content\/uploads\/2024\/02\/SESiB-logo-SMALL-1.png\",\"contentUrl\":\"https:\/\/energeticar.hr\/wp-content\/uploads\/2024\/02\/SESiB-logo-SMALL-1.png\",\"width\":110,\"height\":101,\"caption\":\"Savez energeti\u010dara Slavonije i Baranje\"},\"image\":{\"@id\":\"https:\/\/energeticar.hr\/#\/schema\/logo\/image\/\"}},{\"@type\":\"Person\",\"@id\":\"https:\/\/energeticar.hr\/#\/schema\/person\/f7724fe9a0486c36396a1d74adc60c3f\",\"name\":\"sesib\",\"image\":{\"@type\":\"ImageObject\",\"inLanguage\":\"en-US\",\"@id\":\"https:\/\/energeticar.hr\/#\/schema\/person\/image\/\",\"url\":\"https:\/\/secure.gravatar.com\/avatar\/468459074fb1f72d3026475883ba7b5c2540bc8d8741e496e37fcd474fa56f8f?s=96&d=mm&r=g\",\"contentUrl\":\"https:\/\/secure.gravatar.com\/avatar\/468459074fb1f72d3026475883ba7b5c2540bc8d8741e496e37fcd474fa56f8f?s=96&d=mm&r=g\",\"caption\":\"sesib\"},\"sameAs\":[\"http:\/\/energeticar.free.nf\"]}]}<\/script>\n<!-- \/ Yoast SEO plugin. -->","yoast_head_json":{"title":"Pasivna arhitektura - Savez energeti\u010dara Slavonije i Baranje","description":"Pi\u0161e: Antun Gabri\u0107, energetski savjetnik, Sekcija za obrazovanje dru\u0161tva energeti\u010dara Slavonski Brod Glavna je ideja pasivne arhitekture kori\u0161tenje","robots":{"index":"noindex","follow":"nofollow"},"og_locale":"en_US","og_type":"article","og_title":"Pasivna arhitektura - Savez energeti\u010dara Slavonije i Baranje","og_description":"Pi\u0161e: Antun Gabri\u0107, energetski savjetnik, Sekcija za obrazovanje dru\u0161tva energeti\u010dara Slavonski Brod Glavna je ideja pasivne arhitekture kori\u0161tenje","og_url":"https:\/\/energeticar.hr\/index.php\/2024\/02\/15\/pasivna-arhitektura\/","og_site_name":"Savez energeti\u010dara Slavonije i Baranje","article_published_time":"2024-02-15T15:30:27+00:00","article_modified_time":"2025-01-02T09:18:13+00:00","og_image":[{"width":610,"height":400,"url":"https:\/\/energeticar.hr\/wp-content\/uploads\/2024\/02\/Pasivna-arhitektura.jpg","type":"image\/jpeg"}],"author":"sesib","twitter_card":"summary_large_image","twitter_misc":{"Written by":"sesib","Est. reading time":"1 minute"},"schema":{"@context":"https:\/\/schema.org","@graph":[{"@type":"Article","@id":"https:\/\/energeticar.hr\/index.php\/2024\/02\/15\/pasivna-arhitektura\/#article","isPartOf":{"@id":"https:\/\/energeticar.hr\/index.php\/2024\/02\/15\/pasivna-arhitektura\/"},"author":{"name":"sesib","@id":"https:\/\/energeticar.hr\/#\/schema\/person\/f7724fe9a0486c36396a1d74adc60c3f"},"headline":"Pasivna arhitektura","datePublished":"2024-02-15T15:30:27+00:00","dateModified":"2025-01-02T09:18:13+00:00","mainEntityOfPage":{"@id":"https:\/\/energeticar.hr\/index.php\/2024\/02\/15\/pasivna-arhitektura\/"},"wordCount":166,"publisher":{"@id":"https:\/\/energeticar.hr\/#organization"},"image":{"@id":"https:\/\/energeticar.hr\/index.php\/2024\/02\/15\/pasivna-arhitektura\/#primaryimage"},"thumbnailUrl":"https:\/\/energeticar.hr\/wp-content\/uploads\/2024\/02\/Pasivna-arhitektura.jpg","keywords":["Energetska u\u0161teda"],"articleSection":["Zanimljivosti"],"inLanguage":"en-US"},{"@type":"WebPage","@id":"https:\/\/energeticar.hr\/index.php\/2024\/02\/15\/pasivna-arhitektura\/","url":"https:\/\/energeticar.hr\/index.php\/2024\/02\/15\/pasivna-arhitektura\/","name":"Pasivna arhitektura - Savez energeti\u010dara Slavonije i Baranje","isPartOf":{"@id":"https:\/\/energeticar.hr\/#website"},"primaryImageOfPage":{"@id":"https:\/\/energeticar.hr\/index.php\/2024\/02\/15\/pasivna-arhitektura\/#primaryimage"},"image":{"@id":"https:\/\/energeticar.hr\/index.php\/2024\/02\/15\/pasivna-arhitektura\/#primaryimage"},"thumbnailUrl":"https:\/\/energeticar.hr\/wp-content\/uploads\/2024\/02\/Pasivna-arhitektura.jpg","datePublished":"2024-02-15T15:30:27+00:00","dateModified":"2025-01-02T09:18:13+00:00","description":"Pi\u0161e: Antun Gabri\u0107, energetski savjetnik, Sekcija za obrazovanje dru\u0161tva energeti\u010dara Slavonski Brod Glavna je ideja pasivne arhitekture kori\u0161tenje","breadcrumb":{"@id":"https:\/\/energeticar.hr\/index.php\/2024\/02\/15\/pasivna-arhitektura\/#breadcrumb"},"inLanguage":"en-US","potentialAction":[{"@type":"ReadAction","target":["https:\/\/energeticar.hr\/index.php\/2024\/02\/15\/pasivna-arhitektura\/"]}]},{"@type":"ImageObject","inLanguage":"en-US","@id":"https:\/\/energeticar.hr\/index.php\/2024\/02\/15\/pasivna-arhitektura\/#primaryimage","url":"https:\/\/energeticar.hr\/wp-content\/uploads\/2024\/02\/Pasivna-arhitektura.jpg","contentUrl":"https:\/\/energeticar.hr\/wp-content\/uploads\/2024\/02\/Pasivna-arhitektura.jpg","width":610,"height":400},{"@type":"BreadcrumbList","@id":"https:\/\/energeticar.hr\/index.php\/2024\/02\/15\/pasivna-arhitektura\/#breadcrumb","itemListElement":[{"@type":"ListItem","position":1,"name":"Home","item":"https:\/\/energeticar.hr\/"},{"@type":"ListItem","position":2,"name":"Pasivna arhitektura"}]},{"@type":"WebSite","@id":"https:\/\/energeticar.hr\/#website","url":"https:\/\/energeticar.hr\/","name":"Savez energeti\u010dara Slavonije i Baranje","description":"SESIB","publisher":{"@id":"https:\/\/energeticar.hr\/#organization"},"potentialAction":[{"@type":"SearchAction","target":{"@type":"EntryPoint","urlTemplate":"https:\/\/energeticar.hr\/?s={search_term_string}"},"query-input":{"@type":"PropertyValueSpecification","valueRequired":true,"valueName":"search_term_string"}}],"inLanguage":"en-US"},{"@type":"Organization","@id":"https:\/\/energeticar.hr\/#organization","name":"Savez energeti\u010dara Slavonije i Baranje","url":"https:\/\/energeticar.hr\/","logo":{"@type":"ImageObject","inLanguage":"en-US","@id":"https:\/\/energeticar.hr\/#\/schema\/logo\/image\/","url":"https:\/\/energeticar.hr\/wp-content\/uploads\/2024\/02\/SESiB-logo-SMALL-1.png","contentUrl":"https:\/\/energeticar.hr\/wp-content\/uploads\/2024\/02\/SESiB-logo-SMALL-1.png","width":110,"height":101,"caption":"Savez energeti\u010dara Slavonije i Baranje"},"image":{"@id":"https:\/\/energeticar.hr\/#\/schema\/logo\/image\/"}},{"@type":"Person","@id":"https:\/\/energeticar.hr\/#\/schema\/person\/f7724fe9a0486c36396a1d74adc60c3f","name":"sesib","image":{"@type":"ImageObject","inLanguage":"en-US","@id":"https:\/\/energeticar.hr\/#\/schema\/person\/image\/","url":"https:\/\/secure.gravatar.com\/avatar\/468459074fb1f72d3026475883ba7b5c2540bc8d8741e496e37fcd474fa56f8f?s=96&d=mm&r=g","contentUrl":"https:\/\/secure.gravatar.com\/avatar\/468459074fb1f72d3026475883ba7b5c2540bc8d8741e496e37fcd474fa56f8f?s=96&d=mm&r=g","caption":"sesib"},"sameAs":["http:\/\/energeticar.free.nf"]}]}},"_links":{"self":[{"href":"https:\/\/energeticar.hr\/index.php\/wp-json\/wp\/v2\/posts\/212","targetHints":{"allow":["GET"]}}],"collection":[{"href":"https:\/\/energeticar.hr\/index.php\/wp-json\/wp\/v2\/posts"}],"about":[{"href":"https:\/\/energeticar.hr\/index.php\/wp-json\/wp\/v2\/types\/post"}],"author":[{"embeddable":true,"href":"https:\/\/energeticar.hr\/index.php\/wp-json\/wp\/v2\/users\/1"}],"replies":[{"embeddable":true,"href":"https:\/\/energeticar.hr\/index.php\/wp-json\/wp\/v2\/comments?post=212"}],"version-history":[{"count":12,"href":"https:\/\/energeticar.hr\/index.php\/wp-json\/wp\/v2\/posts\/212\/revisions"}],"predecessor-version":[{"id":4286,"href":"https:\/\/energeticar.hr\/index.php\/wp-json\/wp\/v2\/posts\/212\/revisions\/4286"}],"wp:featuredmedia":[{"embeddable":true,"href":"https:\/\/energeticar.hr\/index.php\/wp-json\/wp\/v2\/media\/213"}],"wp:attachment":[{"href":"https:\/\/energeticar.hr\/index.php\/wp-json\/wp\/v2\/media?parent=212"}],"wp:term":[{"taxonomy":"category","embeddable":true,"href":"https:\/\/energeticar.hr\/index.php\/wp-json\/wp\/v2\/categories?post=212"},{"taxonomy":"post_tag","embeddable":true,"href":"https:\/\/energeticar.hr\/index.php\/wp-json\/wp\/v2\/tags?post=212"}],"curies":[{"name":"wp","href":"https:\/\/api.w.org\/{rel}","templated":true}]}}