{"id":188,"date":"2024-02-15T15:15:45","date_gmt":"2024-02-15T15:15:45","guid":{"rendered":"http:\/\/energeticar.free.nf\/?p=188"},"modified":"2025-01-02T08:40:42","modified_gmt":"2025-01-02T08:40:42","slug":"grijanje-i-hladenje","status":"publish","type":"post","link":"https:\/\/energeticar.hr\/index.php\/2024\/02\/15\/grijanje-i-hladenje\/","title":{"rendered":"Grijanje i hla\u0111enje"},"content":{"rendered":"\n<p class=\" has-medium-font-size eplus-wrapper\"><strong>Pi\u0161e: Antun Gabri\u0107, energetski savjetnik, Sekcija za obrazovanje dru\u0161tva energeti\u010dara Slavonski Brod<\/strong><\/p>\n\n\n<div class=\"wp-block-columns eplus-wrapper is-layout-flex wp-container-core-columns-is-layout-9d6595d7 wp-block-columns-is-layout-flex eplus-styles-uid-51f8dc\">\n<div class=\"wp-block-column eplus-wrapper is-layout-flow wp-block-column-is-layout-flow\">\n<p class=\" has-medium-font-size eplus-wrapper\">Vi\u0161e od 80 posto energije u ku\u0107anstvima tro\u0161i se za potrebe zagrijavanja prostora i potro\u0161ne tople vode. Temperatura u stanu i ku\u0107i ne regulira se otvaranjem prozora nego ugradnjom termostatskih ventila na radijatorima te se mo\u017ee u\u0161tedjeti i do 20 posto energije za grijanje. Ukoliko temperaturu u stambenom prostoru smanjimo za samo 1 stupanj za vrijeme ogrijevne sezone u\u0161tedimo i do 5 posto energije za grijanje, a na godi\u0161njoj razini ku\u0107e od 200 m2 u\u0161teda je oko 1.500 kn. Kondenzacijski bojler tro\u0161i 10-15 posto manje plina od standardnog kotla, a i do 25 posto manje od kotla starijeg od 20 godina. Kvalitetna izolacija cijevi od tople vode doprinijet \u0107e tako\u0111er znatnim u\u0161tedama. Ugradnjom solarnih kolektora za zagrijavanje tople vode smanjit \u0107emo tro\u0161kove za 50 posto. Klima ure\u0111aji koje ljeti koristimo za hla\u0111enje trebaju imati \u0161to ve\u0107i faktor hla\u0111enja, koji se uglavnom kre\u0107e u granicama 2,5-4. Naju\u010dinkovitiji su ure\u0111aji s inverterom i posti\u017ee u\u0161tedu od 20-40 posto u odnosu na standardne ure\u0111aje. Podesiti termostat hla\u0111enja na oko 25-26 \u017bC jer za svaki stupanj ni\u017ee tro\u0161imo 3-5 posto vi\u0161e energije za hla\u0111enje.<\/p>\n<\/div>\n\n\n\n<div class=\"wp-block-column eplus-wrapper is-layout-flow wp-block-column-is-layout-flow\">\n<figure class=\" wp-block-image size-full eplus-wrapper\"><img loading=\"lazy\" decoding=\"async\" width=\"557\" height=\"337\" src=\"https:\/\/energeticar.hr\/wp-content\/uploads\/2024\/02\/Grijanje-i-hladenje.jpg\" alt=\"\" class=\"wp-image-192\"><\/figure>\n<\/div>\n<\/div>","protected":false},"excerpt":{"rendered":"<p>Pi\u0161e: Antun Gabri\u0107, energetski savjetnik, Sekcija za obrazovanje dru\u0161tva energeti\u010dara Slavonski Brod Vi\u0161e od 80 posto energije u ku\u0107anstvima tro\u0161i se za potrebe zagrijavanja prostora i potro\u0161ne tople vode. Temperatura u stanu i ku\u0107i ne regulira se otvaranjem prozora nego ugradnjom termostatskih ventila na radijatorima te se mo\u017ee u\u0161tedjeti i do 20 posto energije za &#8230; <a title=\"Grijanje i hla\u0111enje\" class=\"read-more\" href=\"https:\/\/energeticar.hr\/index.php\/2024\/02\/15\/grijanje-i-hladenje\/\" aria-label=\"More on Grijanje i hla\u0111enje\">Vi\u0161e o tome<\/a><\/p>\n","protected":false},"author":1,"featured_media":192,"comment_status":"closed","ping_status":"closed","sticky":false,"template":"","format":"standard","meta":{"editor_plus_copied_stylings":"{}","footnotes":""},"categories":[8],"tags":[6],"class_list":["post-188","post","type-post","status-publish","format-standard","has-post-thumbnail","hentry","category-zanimljivosti","tag-grijanje"],"yoast_head":"<!-- This site is optimized with the Yoast SEO plugin v26.8 - https:\/\/yoast.com\/product\/yoast-seo-wordpress\/ -->\n<title>Grijanje i hla\u0111enje - Savez energeti\u010dara Slavonije i Baranje<\/title>\n<meta name=\"description\" content=\"Pi\u0161e: Antun Gabri\u0107, energetski savjetnik, Sekcija za obrazovanje dru\u0161tva energeti\u010dara Slavonski Brod Vi\u0161e od 80 posto energije u ku\u0107anstvima tro\u0161i se za\" \/>\n<meta name=\"robots\" content=\"noindex, nofollow\" \/>\n<meta property=\"og:locale\" content=\"en_US\" \/>\n<meta property=\"og:type\" content=\"article\" \/>\n<meta property=\"og:title\" content=\"Grijanje i hla\u0111enje - Savez energeti\u010dara Slavonije i Baranje\" \/>\n<meta property=\"og:description\" content=\"Pi\u0161e: Antun Gabri\u0107, energetski savjetnik, Sekcija za obrazovanje dru\u0161tva energeti\u010dara Slavonski Brod Vi\u0161e od 80 posto energije u ku\u0107anstvima tro\u0161i se za\" \/>\n<meta property=\"og:url\" content=\"https:\/\/energeticar.hr\/index.php\/2024\/02\/15\/grijanje-i-hladenje\/\" \/>\n<meta property=\"og:site_name\" content=\"Savez energeti\u010dara Slavonije i Baranje\" \/>\n<meta property=\"article:published_time\" content=\"2024-02-15T15:15:45+00:00\" \/>\n<meta property=\"article:modified_time\" content=\"2025-01-02T08:40:42+00:00\" \/>\n<meta property=\"og:image\" content=\"https:\/\/energeticar.hr\/wp-content\/uploads\/2024\/02\/Grijanje-i-hladenje.jpg\" \/>\n\t<meta property=\"og:image:width\" content=\"557\" \/>\n\t<meta property=\"og:image:height\" content=\"337\" \/>\n\t<meta property=\"og:image:type\" content=\"image\/jpeg\" \/>\n<meta name=\"author\" content=\"sesib\" \/>\n<meta name=\"twitter:card\" content=\"summary_large_image\" \/>\n<meta name=\"twitter:label1\" content=\"Written by\" \/>\n\t<meta name=\"twitter:data1\" content=\"sesib\" \/>\n\t<meta name=\"twitter:label2\" content=\"Est. reading time\" \/>\n\t<meta name=\"twitter:data2\" content=\"2 minutes\" \/>\n<script type=\"application\/ld+json\" class=\"yoast-schema-graph\">{\"@context\":\"https:\/\/schema.org\",\"@graph\":[{\"@type\":\"Article\",\"@id\":\"https:\/\/energeticar.hr\/index.php\/2024\/02\/15\/grijanje-i-hladenje\/#article\",\"isPartOf\":{\"@id\":\"https:\/\/energeticar.hr\/index.php\/2024\/02\/15\/grijanje-i-hladenje\/\"},\"author\":{\"name\":\"sesib\",\"@id\":\"https:\/\/energeticar.hr\/#\/schema\/person\/f7724fe9a0486c36396a1d74adc60c3f\"},\"headline\":\"Grijanje i hla\u0111enje\",\"datePublished\":\"2024-02-15T15:15:45+00:00\",\"dateModified\":\"2025-01-02T08:40:42+00:00\",\"mainEntityOfPage\":{\"@id\":\"https:\/\/energeticar.hr\/index.php\/2024\/02\/15\/grijanje-i-hladenje\/\"},\"wordCount\":220,\"publisher\":{\"@id\":\"https:\/\/energeticar.hr\/#organization\"},\"image\":{\"@id\":\"https:\/\/energeticar.hr\/index.php\/2024\/02\/15\/grijanje-i-hladenje\/#primaryimage\"},\"thumbnailUrl\":\"https:\/\/energeticar.hr\/wp-content\/uploads\/2024\/02\/Grijanje-i-hladenje.jpg\",\"keywords\":[\"Grijanje\"],\"articleSection\":[\"Zanimljivosti\"],\"inLanguage\":\"en-US\"},{\"@type\":\"WebPage\",\"@id\":\"https:\/\/energeticar.hr\/index.php\/2024\/02\/15\/grijanje-i-hladenje\/\",\"url\":\"https:\/\/energeticar.hr\/index.php\/2024\/02\/15\/grijanje-i-hladenje\/\",\"name\":\"Grijanje i hla\u0111enje - Savez energeti\u010dara Slavonije i Baranje\",\"isPartOf\":{\"@id\":\"https:\/\/energeticar.hr\/#website\"},\"primaryImageOfPage\":{\"@id\":\"https:\/\/energeticar.hr\/index.php\/2024\/02\/15\/grijanje-i-hladenje\/#primaryimage\"},\"image\":{\"@id\":\"https:\/\/energeticar.hr\/index.php\/2024\/02\/15\/grijanje-i-hladenje\/#primaryimage\"},\"thumbnailUrl\":\"https:\/\/energeticar.hr\/wp-content\/uploads\/2024\/02\/Grijanje-i-hladenje.jpg\",\"datePublished\":\"2024-02-15T15:15:45+00:00\",\"dateModified\":\"2025-01-02T08:40:42+00:00\",\"description\":\"Pi\u0161e: Antun Gabri\u0107, energetski savjetnik, Sekcija za obrazovanje dru\u0161tva energeti\u010dara Slavonski Brod Vi\u0161e od 80 posto energije u ku\u0107anstvima tro\u0161i se za\",\"breadcrumb\":{\"@id\":\"https:\/\/energeticar.hr\/index.php\/2024\/02\/15\/grijanje-i-hladenje\/#breadcrumb\"},\"inLanguage\":\"en-US\",\"potentialAction\":[{\"@type\":\"ReadAction\",\"target\":[\"https:\/\/energeticar.hr\/index.php\/2024\/02\/15\/grijanje-i-hladenje\/\"]}]},{\"@type\":\"ImageObject\",\"inLanguage\":\"en-US\",\"@id\":\"https:\/\/energeticar.hr\/index.php\/2024\/02\/15\/grijanje-i-hladenje\/#primaryimage\",\"url\":\"https:\/\/energeticar.hr\/wp-content\/uploads\/2024\/02\/Grijanje-i-hladenje.jpg\",\"contentUrl\":\"https:\/\/energeticar.hr\/wp-content\/uploads\/2024\/02\/Grijanje-i-hladenje.jpg\",\"width\":557,\"height\":337},{\"@type\":\"BreadcrumbList\",\"@id\":\"https:\/\/energeticar.hr\/index.php\/2024\/02\/15\/grijanje-i-hladenje\/#breadcrumb\",\"itemListElement\":[{\"@type\":\"ListItem\",\"position\":1,\"name\":\"Home\",\"item\":\"https:\/\/energeticar.hr\/\"},{\"@type\":\"ListItem\",\"position\":2,\"name\":\"Grijanje i hla\u0111enje\"}]},{\"@type\":\"WebSite\",\"@id\":\"https:\/\/energeticar.hr\/#website\",\"url\":\"https:\/\/energeticar.hr\/\",\"name\":\"Savez energeti\u010dara Slavonije i Baranje\",\"description\":\"SESIB\",\"publisher\":{\"@id\":\"https:\/\/energeticar.hr\/#organization\"},\"potentialAction\":[{\"@type\":\"SearchAction\",\"target\":{\"@type\":\"EntryPoint\",\"urlTemplate\":\"https:\/\/energeticar.hr\/?s={search_term_string}\"},\"query-input\":{\"@type\":\"PropertyValueSpecification\",\"valueRequired\":true,\"valueName\":\"search_term_string\"}}],\"inLanguage\":\"en-US\"},{\"@type\":\"Organization\",\"@id\":\"https:\/\/energeticar.hr\/#organization\",\"name\":\"Savez energeti\u010dara Slavonije i Baranje\",\"url\":\"https:\/\/energeticar.hr\/\",\"logo\":{\"@type\":\"ImageObject\",\"inLanguage\":\"en-US\",\"@id\":\"https:\/\/energeticar.hr\/#\/schema\/logo\/image\/\",\"url\":\"https:\/\/energeticar.hr\/wp-content\/uploads\/2024\/02\/SESiB-logo-SMALL-1.png\",\"contentUrl\":\"https:\/\/energeticar.hr\/wp-content\/uploads\/2024\/02\/SESiB-logo-SMALL-1.png\",\"width\":110,\"height\":101,\"caption\":\"Savez energeti\u010dara Slavonije i Baranje\"},\"image\":{\"@id\":\"https:\/\/energeticar.hr\/#\/schema\/logo\/image\/\"}},{\"@type\":\"Person\",\"@id\":\"https:\/\/energeticar.hr\/#\/schema\/person\/f7724fe9a0486c36396a1d74adc60c3f\",\"name\":\"sesib\",\"image\":{\"@type\":\"ImageObject\",\"inLanguage\":\"en-US\",\"@id\":\"https:\/\/energeticar.hr\/#\/schema\/person\/image\/\",\"url\":\"https:\/\/secure.gravatar.com\/avatar\/468459074fb1f72d3026475883ba7b5c2540bc8d8741e496e37fcd474fa56f8f?s=96&d=mm&r=g\",\"contentUrl\":\"https:\/\/secure.gravatar.com\/avatar\/468459074fb1f72d3026475883ba7b5c2540bc8d8741e496e37fcd474fa56f8f?s=96&d=mm&r=g\",\"caption\":\"sesib\"},\"sameAs\":[\"http:\/\/energeticar.free.nf\"]}]}<\/script>\n<!-- \/ Yoast SEO plugin. -->","yoast_head_json":{"title":"Grijanje i hla\u0111enje - Savez energeti\u010dara Slavonije i Baranje","description":"Pi\u0161e: Antun Gabri\u0107, energetski savjetnik, Sekcija za obrazovanje dru\u0161tva energeti\u010dara Slavonski Brod Vi\u0161e od 80 posto energije u ku\u0107anstvima tro\u0161i se za","robots":{"index":"noindex","follow":"nofollow"},"og_locale":"en_US","og_type":"article","og_title":"Grijanje i hla\u0111enje - Savez energeti\u010dara Slavonije i Baranje","og_description":"Pi\u0161e: Antun Gabri\u0107, energetski savjetnik, Sekcija za obrazovanje dru\u0161tva energeti\u010dara Slavonski Brod Vi\u0161e od 80 posto energije u ku\u0107anstvima tro\u0161i se za","og_url":"https:\/\/energeticar.hr\/index.php\/2024\/02\/15\/grijanje-i-hladenje\/","og_site_name":"Savez energeti\u010dara Slavonije i Baranje","article_published_time":"2024-02-15T15:15:45+00:00","article_modified_time":"2025-01-02T08:40:42+00:00","og_image":[{"width":557,"height":337,"url":"https:\/\/energeticar.hr\/wp-content\/uploads\/2024\/02\/Grijanje-i-hladenje.jpg","type":"image\/jpeg"}],"author":"sesib","twitter_card":"summary_large_image","twitter_misc":{"Written by":"sesib","Est. reading time":"2 minutes"},"schema":{"@context":"https:\/\/schema.org","@graph":[{"@type":"Article","@id":"https:\/\/energeticar.hr\/index.php\/2024\/02\/15\/grijanje-i-hladenje\/#article","isPartOf":{"@id":"https:\/\/energeticar.hr\/index.php\/2024\/02\/15\/grijanje-i-hladenje\/"},"author":{"name":"sesib","@id":"https:\/\/energeticar.hr\/#\/schema\/person\/f7724fe9a0486c36396a1d74adc60c3f"},"headline":"Grijanje i hla\u0111enje","datePublished":"2024-02-15T15:15:45+00:00","dateModified":"2025-01-02T08:40:42+00:00","mainEntityOfPage":{"@id":"https:\/\/energeticar.hr\/index.php\/2024\/02\/15\/grijanje-i-hladenje\/"},"wordCount":220,"publisher":{"@id":"https:\/\/energeticar.hr\/#organization"},"image":{"@id":"https:\/\/energeticar.hr\/index.php\/2024\/02\/15\/grijanje-i-hladenje\/#primaryimage"},"thumbnailUrl":"https:\/\/energeticar.hr\/wp-content\/uploads\/2024\/02\/Grijanje-i-hladenje.jpg","keywords":["Grijanje"],"articleSection":["Zanimljivosti"],"inLanguage":"en-US"},{"@type":"WebPage","@id":"https:\/\/energeticar.hr\/index.php\/2024\/02\/15\/grijanje-i-hladenje\/","url":"https:\/\/energeticar.hr\/index.php\/2024\/02\/15\/grijanje-i-hladenje\/","name":"Grijanje i hla\u0111enje - Savez energeti\u010dara Slavonije i Baranje","isPartOf":{"@id":"https:\/\/energeticar.hr\/#website"},"primaryImageOfPage":{"@id":"https:\/\/energeticar.hr\/index.php\/2024\/02\/15\/grijanje-i-hladenje\/#primaryimage"},"image":{"@id":"https:\/\/energeticar.hr\/index.php\/2024\/02\/15\/grijanje-i-hladenje\/#primaryimage"},"thumbnailUrl":"https:\/\/energeticar.hr\/wp-content\/uploads\/2024\/02\/Grijanje-i-hladenje.jpg","datePublished":"2024-02-15T15:15:45+00:00","dateModified":"2025-01-02T08:40:42+00:00","description":"Pi\u0161e: Antun Gabri\u0107, energetski savjetnik, Sekcija za obrazovanje dru\u0161tva energeti\u010dara Slavonski Brod Vi\u0161e od 80 posto energije u ku\u0107anstvima tro\u0161i se za","breadcrumb":{"@id":"https:\/\/energeticar.hr\/index.php\/2024\/02\/15\/grijanje-i-hladenje\/#breadcrumb"},"inLanguage":"en-US","potentialAction":[{"@type":"ReadAction","target":["https:\/\/energeticar.hr\/index.php\/2024\/02\/15\/grijanje-i-hladenje\/"]}]},{"@type":"ImageObject","inLanguage":"en-US","@id":"https:\/\/energeticar.hr\/index.php\/2024\/02\/15\/grijanje-i-hladenje\/#primaryimage","url":"https:\/\/energeticar.hr\/wp-content\/uploads\/2024\/02\/Grijanje-i-hladenje.jpg","contentUrl":"https:\/\/energeticar.hr\/wp-content\/uploads\/2024\/02\/Grijanje-i-hladenje.jpg","width":557,"height":337},{"@type":"BreadcrumbList","@id":"https:\/\/energeticar.hr\/index.php\/2024\/02\/15\/grijanje-i-hladenje\/#breadcrumb","itemListElement":[{"@type":"ListItem","position":1,"name":"Home","item":"https:\/\/energeticar.hr\/"},{"@type":"ListItem","position":2,"name":"Grijanje i hla\u0111enje"}]},{"@type":"WebSite","@id":"https:\/\/energeticar.hr\/#website","url":"https:\/\/energeticar.hr\/","name":"Savez energeti\u010dara Slavonije i Baranje","description":"SESIB","publisher":{"@id":"https:\/\/energeticar.hr\/#organization"},"potentialAction":[{"@type":"SearchAction","target":{"@type":"EntryPoint","urlTemplate":"https:\/\/energeticar.hr\/?s={search_term_string}"},"query-input":{"@type":"PropertyValueSpecification","valueRequired":true,"valueName":"search_term_string"}}],"inLanguage":"en-US"},{"@type":"Organization","@id":"https:\/\/energeticar.hr\/#organization","name":"Savez energeti\u010dara Slavonije i Baranje","url":"https:\/\/energeticar.hr\/","logo":{"@type":"ImageObject","inLanguage":"en-US","@id":"https:\/\/energeticar.hr\/#\/schema\/logo\/image\/","url":"https:\/\/energeticar.hr\/wp-content\/uploads\/2024\/02\/SESiB-logo-SMALL-1.png","contentUrl":"https:\/\/energeticar.hr\/wp-content\/uploads\/2024\/02\/SESiB-logo-SMALL-1.png","width":110,"height":101,"caption":"Savez energeti\u010dara Slavonije i Baranje"},"image":{"@id":"https:\/\/energeticar.hr\/#\/schema\/logo\/image\/"}},{"@type":"Person","@id":"https:\/\/energeticar.hr\/#\/schema\/person\/f7724fe9a0486c36396a1d74adc60c3f","name":"sesib","image":{"@type":"ImageObject","inLanguage":"en-US","@id":"https:\/\/energeticar.hr\/#\/schema\/person\/image\/","url":"https:\/\/secure.gravatar.com\/avatar\/468459074fb1f72d3026475883ba7b5c2540bc8d8741e496e37fcd474fa56f8f?s=96&d=mm&r=g","contentUrl":"https:\/\/secure.gravatar.com\/avatar\/468459074fb1f72d3026475883ba7b5c2540bc8d8741e496e37fcd474fa56f8f?s=96&d=mm&r=g","caption":"sesib"},"sameAs":["http:\/\/energeticar.free.nf"]}]}},"_links":{"self":[{"href":"https:\/\/energeticar.hr\/index.php\/wp-json\/wp\/v2\/posts\/188","targetHints":{"allow":["GET"]}}],"collection":[{"href":"https:\/\/energeticar.hr\/index.php\/wp-json\/wp\/v2\/posts"}],"about":[{"href":"https:\/\/energeticar.hr\/index.php\/wp-json\/wp\/v2\/types\/post"}],"author":[{"embeddable":true,"href":"https:\/\/energeticar.hr\/index.php\/wp-json\/wp\/v2\/users\/1"}],"replies":[{"embeddable":true,"href":"https:\/\/energeticar.hr\/index.php\/wp-json\/wp\/v2\/comments?post=188"}],"version-history":[{"count":13,"href":"https:\/\/energeticar.hr\/index.php\/wp-json\/wp\/v2\/posts\/188\/revisions"}],"predecessor-version":[{"id":4282,"href":"https:\/\/energeticar.hr\/index.php\/wp-json\/wp\/v2\/posts\/188\/revisions\/4282"}],"wp:featuredmedia":[{"embeddable":true,"href":"https:\/\/energeticar.hr\/index.php\/wp-json\/wp\/v2\/media\/192"}],"wp:attachment":[{"href":"https:\/\/energeticar.hr\/index.php\/wp-json\/wp\/v2\/media?parent=188"}],"wp:term":[{"taxonomy":"category","embeddable":true,"href":"https:\/\/energeticar.hr\/index.php\/wp-json\/wp\/v2\/categories?post=188"},{"taxonomy":"post_tag","embeddable":true,"href":"https:\/\/energeticar.hr\/index.php\/wp-json\/wp\/v2\/tags?post=188"}],"curies":[{"name":"wp","href":"https:\/\/api.w.org\/{rel}","templated":true}]}}