{"id":175,"date":"2024-02-14T21:44:16","date_gmt":"2024-02-14T21:44:16","guid":{"rendered":"http:\/\/energeticar.free.nf\/?p=175"},"modified":"2025-01-02T09:16:26","modified_gmt":"2025-01-02T09:16:26","slug":"novi-tehnicki-propis-u-svrhu-povecanja-energetske-efikasnosti","status":"publish","type":"post","link":"https:\/\/energeticar.hr\/index.php\/2024\/02\/14\/novi-tehnicki-propis-u-svrhu-povecanja-energetske-efikasnosti\/","title":{"rendered":"Novi tehni\u010dki propis u svrhu pove\u0107anja energetske efikasnosti"},"content":{"rendered":"\n<p class=\" has-medium-font-size eplus-wrapper\"><strong>Pi\u0161e: mr.sc. Luka Gabri\u0107<\/strong><br>luki.gabric@gmail.com<\/p>\n\n\n<div class=\"wp-block-columns eplus-wrapper is-layout-flex wp-container-core-columns-is-layout-9d6595d7 wp-block-columns-is-layout-flex eplus-styles-uid-c7ad93\">\n<div class=\"wp-block-column eplus-wrapper is-layout-flow wp-block-column-is-layout-flow\">\n<p class=\" has-medium-font-size eplus-wrapper\">Novi tehni\u010dki propis u svrhu pove\u0107anja energetske efikasnosti u zgradarstvu i objektima, regulira periodi\u010dne preglede po kategorijama potro\u0161a\u010da energije<br><br>Kao \u0161to je ve\u0107 poznato RH je u strategiji energetskog razvoja usvojila smjernice Europske Unije i integrirala ih u na\u0161e zakonodavstvo.<br><br>Sasvim prakti\u010dno i prepoznatljivo izgleda preporuka o tri puta 20 %. Naime, RH se obvezala da \u0107e do 2020g., smanjiti potro\u0161nju fosilnih goriva za 20% ( dakle nafta i plin), zatim da \u0107e 20 % pove\u0107ati udio energije iz obnovljivih izvora i da \u0107e<br>smanjiti 20 % one\u010di\u0161\u0107enje emisijom CO2.<br><br>No, \u0161to to zna\u010di i prakti\u010dno u svakodenvnom \u017eivotu i koji energetski zakoni ure\u0111uju ovo podru\u010dje?<br>Od travnja 2010g., na snazi je Pravilnik o energetskom certificiranju i prakti\u010dno sve nove zgrade moraju ishoditi ovu ispravu prije no \u0161to zatra\u017ee uporabnu dozvolu za novu zgradu.<\/p>\n<\/div>\n\n\n\n<div class=\"wp-block-column eplus-wrapper is-layout-flow wp-block-column-is-layout-flow\">\n<figure class=\" wp-block-image size-full eplus-wrapper\"><img loading=\"lazy\" decoding=\"async\" width=\"763\" height=\"510\" src=\"https:\/\/energeticar.hr\/wp-content\/uploads\/2024\/02\/Novi-tehnicki-propis-u-svrhu-povecanja-energetske-efikasnosti.jpg\" alt=\"\" class=\"wp-image-179\"><\/figure>\n<\/div>\n<\/div>\n\n\n<p class=\" has-medium-font-size eplus-wrapper\">\u0160to je predmet energetskog pregleda?<br>Energetskim pregledom utvr\u0111uje se u\u010dinkovitost potro\u0161nje energije i vode u<br>gra\u0111evini te mogu\u0107nosti za isplativo smanjenje potro\u0161nje energije i vode te ostvarenje u\u0161teda.<br>Predmet energetskog pregleda gra\u0111evine su: elementi ovojnice zgrade, sustav za proizvodnju toplinske energije, sustav za proizvodnju, rashladne energije, sustav za distribuciju toplinske energije, vode, pare i zraka, sustav ventilacije i klimatizacije, sustav opskrbe elektri\u010dnom energijom, sustav komprimiranog zraka, elektromotorni pogoni, sustav elektri\u010dne rasvjete, ostala tro\u0161ila elektri\u010dne energije, sustav pripreme potro\u0161nje tople vode, sustav vodoopskrbe, sustav mjerenja i upravljanja.<\/p>\n\n\n\n<p class=\" has-medium-font-size eplus-wrapper\">Pravilnik o ener. pregl. stupio je na snagu odmah, dakle od sije\u010dnja 2011g.<br>No, ipak ovaj propis zahtjeva i provedbene akte u kojima \u0107e biti detaljno opisana metodologija procjene u\u0161teda kao i metodologija mjerenja u\u0161teda energije, te<br>izrada Registra velikih potro\u0161a\u010da energije i uspostava jedinstvenog informacijskog sustava za energetsku u\u010dinkovitost.<br>Upravo zbog tehni\u010dke nemogu\u0107nosti primjene propisa odmah, o\u010dekuje se da \u0107e punova\u017ena primjena krenuti tek u drugom kvartalu godine.<br>Za navedne poslove bit \u0107e potrebno oko 2000 stru\u010dno obu\u010denih energetskih auditora na podru\u010dju cijele RH.<br>Novost je u odnosu na energetske certifikatore, a koji su uvjetovani formalnim statusom dipl.ing (str. \u2013 elek- gra\u0111 ili arh odnosno magistar struke) da \u0107e energetske preglede mo\u0107i obavljati i stru\u010dne osobe koje nisu sa statusom licenciranog dipl.ing., ali da su pod njihovom izravnom kontrolom<br>Prema dostupnim informacijama, Veleu\u010dili\u0161te u Slavonskom Brodu priprema se za obuku prvog kruga energetskih auditora, jer ve\u0107 imaju solidno i uspje\u0161no iskustvo educiranja nekoliko generacija energetskuh certifikatora.<\/p>\n","protected":false},"excerpt":{"rendered":"<p>Pi\u0161e: mr.sc. Luka Gabri\u0107luki.gabric@gmail.com Novi tehni\u010dki propis u svrhu pove\u0107anja energetske efikasnosti u zgradarstvu i objektima, regulira periodi\u010dne preglede po kategorijama potro\u0161a\u010da energije Kao \u0161to je ve\u0107 poznato RH je u strategiji energetskog razvoja usvojila smjernice Europske Unije i integrirala ih u na\u0161e zakonodavstvo. Sasvim prakti\u010dno i prepoznatljivo izgleda preporuka o tri puta 20 %. &#8230; <a title=\"Novi tehni\u010dki propis u svrhu pove\u0107anja energetske efikasnosti\" class=\"read-more\" href=\"https:\/\/energeticar.hr\/index.php\/2024\/02\/14\/novi-tehnicki-propis-u-svrhu-povecanja-energetske-efikasnosti\/\" aria-label=\"More on Novi tehni\u010dki propis u svrhu pove\u0107anja energetske efikasnosti\">Vi\u0161e o tome<\/a><\/p>\n","protected":false},"author":1,"featured_media":179,"comment_status":"closed","ping_status":"closed","sticky":false,"template":"","format":"standard","meta":{"editor_plus_copied_stylings":"{}","footnotes":""},"categories":[8],"tags":[6],"class_list":["post-175","post","type-post","status-publish","format-standard","has-post-thumbnail","hentry","category-zanimljivosti","tag-grijanje"],"yoast_head":"<!-- This site is optimized with the Yoast SEO plugin v26.8 - https:\/\/yoast.com\/product\/yoast-seo-wordpress\/ -->\n<title>Novi tehni\u010dki propis u svrhu pove\u0107anja energetske efikasnosti - Savez energeti\u010dara Slavonije i Baranje<\/title>\n<meta name=\"description\" content=\"Pi\u0161e: mr.sc. Luka Gabri\u0107luki.gabric@gmail.com Novi tehni\u010dki propis u svrhu pove\u0107anja energetske efikasnosti u zgradarstvu i objektima, regulira periodi\u010dne\" \/>\n<meta name=\"robots\" content=\"noindex, nofollow\" \/>\n<meta property=\"og:locale\" content=\"en_US\" \/>\n<meta property=\"og:type\" content=\"article\" \/>\n<meta property=\"og:title\" content=\"Novi tehni\u010dki propis u svrhu pove\u0107anja energetske efikasnosti - Savez energeti\u010dara Slavonije i Baranje\" \/>\n<meta property=\"og:description\" content=\"Pi\u0161e: mr.sc. Luka Gabri\u0107luki.gabric@gmail.com Novi tehni\u010dki propis u svrhu pove\u0107anja energetske efikasnosti u zgradarstvu i objektima, regulira periodi\u010dne\" \/>\n<meta property=\"og:url\" content=\"https:\/\/energeticar.hr\/index.php\/2024\/02\/14\/novi-tehnicki-propis-u-svrhu-povecanja-energetske-efikasnosti\/\" \/>\n<meta property=\"og:site_name\" content=\"Savez energeti\u010dara Slavonije i Baranje\" \/>\n<meta property=\"article:published_time\" content=\"2024-02-14T21:44:16+00:00\" \/>\n<meta property=\"article:modified_time\" content=\"2025-01-02T09:16:26+00:00\" \/>\n<meta property=\"og:image\" content=\"https:\/\/energeticar.hr\/wp-content\/uploads\/2024\/02\/Novi-tehnicki-propis-u-svrhu-povecanja-energetske-efikasnosti.jpg\" \/>\n\t<meta property=\"og:image:width\" content=\"763\" \/>\n\t<meta property=\"og:image:height\" content=\"510\" \/>\n\t<meta property=\"og:image:type\" content=\"image\/jpeg\" \/>\n<meta name=\"author\" content=\"sesib\" \/>\n<meta name=\"twitter:card\" content=\"summary_large_image\" \/>\n<meta name=\"twitter:label1\" content=\"Written by\" \/>\n\t<meta name=\"twitter:data1\" content=\"sesib\" \/>\n\t<meta name=\"twitter:label2\" content=\"Est. reading time\" \/>\n\t<meta name=\"twitter:data2\" content=\"3 minutes\" \/>\n<script type=\"application\/ld+json\" class=\"yoast-schema-graph\">{\"@context\":\"https:\/\/schema.org\",\"@graph\":[{\"@type\":\"Article\",\"@id\":\"https:\/\/energeticar.hr\/index.php\/2024\/02\/14\/novi-tehnicki-propis-u-svrhu-povecanja-energetske-efikasnosti\/#article\",\"isPartOf\":{\"@id\":\"https:\/\/energeticar.hr\/index.php\/2024\/02\/14\/novi-tehnicki-propis-u-svrhu-povecanja-energetske-efikasnosti\/\"},\"author\":{\"name\":\"sesib\",\"@id\":\"https:\/\/energeticar.hr\/#\/schema\/person\/f7724fe9a0486c36396a1d74adc60c3f\"},\"headline\":\"Novi tehni\u010dki propis u svrhu pove\u0107anja energetske efikasnosti\",\"datePublished\":\"2024-02-14T21:44:16+00:00\",\"dateModified\":\"2025-01-02T09:16:26+00:00\",\"mainEntityOfPage\":{\"@id\":\"https:\/\/energeticar.hr\/index.php\/2024\/02\/14\/novi-tehnicki-propis-u-svrhu-povecanja-energetske-efikasnosti\/\"},\"wordCount\":433,\"publisher\":{\"@id\":\"https:\/\/energeticar.hr\/#organization\"},\"image\":{\"@id\":\"https:\/\/energeticar.hr\/index.php\/2024\/02\/14\/novi-tehnicki-propis-u-svrhu-povecanja-energetske-efikasnosti\/#primaryimage\"},\"thumbnailUrl\":\"https:\/\/energeticar.hr\/wp-content\/uploads\/2024\/02\/Novi-tehnicki-propis-u-svrhu-povecanja-energetske-efikasnosti.jpg\",\"keywords\":[\"Grijanje\"],\"articleSection\":[\"Zanimljivosti\"],\"inLanguage\":\"en-US\"},{\"@type\":\"WebPage\",\"@id\":\"https:\/\/energeticar.hr\/index.php\/2024\/02\/14\/novi-tehnicki-propis-u-svrhu-povecanja-energetske-efikasnosti\/\",\"url\":\"https:\/\/energeticar.hr\/index.php\/2024\/02\/14\/novi-tehnicki-propis-u-svrhu-povecanja-energetske-efikasnosti\/\",\"name\":\"Novi tehni\u010dki propis u svrhu pove\u0107anja energetske efikasnosti - Savez energeti\u010dara Slavonije i Baranje\",\"isPartOf\":{\"@id\":\"https:\/\/energeticar.hr\/#website\"},\"primaryImageOfPage\":{\"@id\":\"https:\/\/energeticar.hr\/index.php\/2024\/02\/14\/novi-tehnicki-propis-u-svrhu-povecanja-energetske-efikasnosti\/#primaryimage\"},\"image\":{\"@id\":\"https:\/\/energeticar.hr\/index.php\/2024\/02\/14\/novi-tehnicki-propis-u-svrhu-povecanja-energetske-efikasnosti\/#primaryimage\"},\"thumbnailUrl\":\"https:\/\/energeticar.hr\/wp-content\/uploads\/2024\/02\/Novi-tehnicki-propis-u-svrhu-povecanja-energetske-efikasnosti.jpg\",\"datePublished\":\"2024-02-14T21:44:16+00:00\",\"dateModified\":\"2025-01-02T09:16:26+00:00\",\"description\":\"Pi\u0161e: mr.sc. Luka Gabri\u0107luki.gabric@gmail.com Novi tehni\u010dki propis u svrhu pove\u0107anja energetske efikasnosti u zgradarstvu i objektima, regulira periodi\u010dne\",\"breadcrumb\":{\"@id\":\"https:\/\/energeticar.hr\/index.php\/2024\/02\/14\/novi-tehnicki-propis-u-svrhu-povecanja-energetske-efikasnosti\/#breadcrumb\"},\"inLanguage\":\"en-US\",\"potentialAction\":[{\"@type\":\"ReadAction\",\"target\":[\"https:\/\/energeticar.hr\/index.php\/2024\/02\/14\/novi-tehnicki-propis-u-svrhu-povecanja-energetske-efikasnosti\/\"]}]},{\"@type\":\"ImageObject\",\"inLanguage\":\"en-US\",\"@id\":\"https:\/\/energeticar.hr\/index.php\/2024\/02\/14\/novi-tehnicki-propis-u-svrhu-povecanja-energetske-efikasnosti\/#primaryimage\",\"url\":\"https:\/\/energeticar.hr\/wp-content\/uploads\/2024\/02\/Novi-tehnicki-propis-u-svrhu-povecanja-energetske-efikasnosti.jpg\",\"contentUrl\":\"https:\/\/energeticar.hr\/wp-content\/uploads\/2024\/02\/Novi-tehnicki-propis-u-svrhu-povecanja-energetske-efikasnosti.jpg\",\"width\":763,\"height\":510},{\"@type\":\"BreadcrumbList\",\"@id\":\"https:\/\/energeticar.hr\/index.php\/2024\/02\/14\/novi-tehnicki-propis-u-svrhu-povecanja-energetske-efikasnosti\/#breadcrumb\",\"itemListElement\":[{\"@type\":\"ListItem\",\"position\":1,\"name\":\"Home\",\"item\":\"https:\/\/energeticar.hr\/\"},{\"@type\":\"ListItem\",\"position\":2,\"name\":\"Novi tehni\u010dki propis u svrhu pove\u0107anja energetske efikasnosti\"}]},{\"@type\":\"WebSite\",\"@id\":\"https:\/\/energeticar.hr\/#website\",\"url\":\"https:\/\/energeticar.hr\/\",\"name\":\"Savez energeti\u010dara Slavonije i Baranje\",\"description\":\"SESIB\",\"publisher\":{\"@id\":\"https:\/\/energeticar.hr\/#organization\"},\"potentialAction\":[{\"@type\":\"SearchAction\",\"target\":{\"@type\":\"EntryPoint\",\"urlTemplate\":\"https:\/\/energeticar.hr\/?s={search_term_string}\"},\"query-input\":{\"@type\":\"PropertyValueSpecification\",\"valueRequired\":true,\"valueName\":\"search_term_string\"}}],\"inLanguage\":\"en-US\"},{\"@type\":\"Organization\",\"@id\":\"https:\/\/energeticar.hr\/#organization\",\"name\":\"Savez energeti\u010dara Slavonije i Baranje\",\"url\":\"https:\/\/energeticar.hr\/\",\"logo\":{\"@type\":\"ImageObject\",\"inLanguage\":\"en-US\",\"@id\":\"https:\/\/energeticar.hr\/#\/schema\/logo\/image\/\",\"url\":\"https:\/\/energeticar.hr\/wp-content\/uploads\/2024\/02\/SESiB-logo-SMALL-1.png\",\"contentUrl\":\"https:\/\/energeticar.hr\/wp-content\/uploads\/2024\/02\/SESiB-logo-SMALL-1.png\",\"width\":110,\"height\":101,\"caption\":\"Savez energeti\u010dara Slavonije i Baranje\"},\"image\":{\"@id\":\"https:\/\/energeticar.hr\/#\/schema\/logo\/image\/\"}},{\"@type\":\"Person\",\"@id\":\"https:\/\/energeticar.hr\/#\/schema\/person\/f7724fe9a0486c36396a1d74adc60c3f\",\"name\":\"sesib\",\"image\":{\"@type\":\"ImageObject\",\"inLanguage\":\"en-US\",\"@id\":\"https:\/\/energeticar.hr\/#\/schema\/person\/image\/\",\"url\":\"https:\/\/secure.gravatar.com\/avatar\/468459074fb1f72d3026475883ba7b5c2540bc8d8741e496e37fcd474fa56f8f?s=96&d=mm&r=g\",\"contentUrl\":\"https:\/\/secure.gravatar.com\/avatar\/468459074fb1f72d3026475883ba7b5c2540bc8d8741e496e37fcd474fa56f8f?s=96&d=mm&r=g\",\"caption\":\"sesib\"},\"sameAs\":[\"http:\/\/energeticar.free.nf\"]}]}<\/script>\n<!-- \/ Yoast SEO plugin. -->","yoast_head_json":{"title":"Novi tehni\u010dki propis u svrhu pove\u0107anja energetske efikasnosti - Savez energeti\u010dara Slavonije i Baranje","description":"Pi\u0161e: mr.sc. Luka Gabri\u0107luki.gabric@gmail.com Novi tehni\u010dki propis u svrhu pove\u0107anja energetske efikasnosti u zgradarstvu i objektima, regulira periodi\u010dne","robots":{"index":"noindex","follow":"nofollow"},"og_locale":"en_US","og_type":"article","og_title":"Novi tehni\u010dki propis u svrhu pove\u0107anja energetske efikasnosti - Savez energeti\u010dara Slavonije i Baranje","og_description":"Pi\u0161e: mr.sc. Luka Gabri\u0107luki.gabric@gmail.com Novi tehni\u010dki propis u svrhu pove\u0107anja energetske efikasnosti u zgradarstvu i objektima, regulira periodi\u010dne","og_url":"https:\/\/energeticar.hr\/index.php\/2024\/02\/14\/novi-tehnicki-propis-u-svrhu-povecanja-energetske-efikasnosti\/","og_site_name":"Savez energeti\u010dara Slavonije i Baranje","article_published_time":"2024-02-14T21:44:16+00:00","article_modified_time":"2025-01-02T09:16:26+00:00","og_image":[{"width":763,"height":510,"url":"https:\/\/energeticar.hr\/wp-content\/uploads\/2024\/02\/Novi-tehnicki-propis-u-svrhu-povecanja-energetske-efikasnosti.jpg","type":"image\/jpeg"}],"author":"sesib","twitter_card":"summary_large_image","twitter_misc":{"Written by":"sesib","Est. reading time":"3 minutes"},"schema":{"@context":"https:\/\/schema.org","@graph":[{"@type":"Article","@id":"https:\/\/energeticar.hr\/index.php\/2024\/02\/14\/novi-tehnicki-propis-u-svrhu-povecanja-energetske-efikasnosti\/#article","isPartOf":{"@id":"https:\/\/energeticar.hr\/index.php\/2024\/02\/14\/novi-tehnicki-propis-u-svrhu-povecanja-energetske-efikasnosti\/"},"author":{"name":"sesib","@id":"https:\/\/energeticar.hr\/#\/schema\/person\/f7724fe9a0486c36396a1d74adc60c3f"},"headline":"Novi tehni\u010dki propis u svrhu pove\u0107anja energetske efikasnosti","datePublished":"2024-02-14T21:44:16+00:00","dateModified":"2025-01-02T09:16:26+00:00","mainEntityOfPage":{"@id":"https:\/\/energeticar.hr\/index.php\/2024\/02\/14\/novi-tehnicki-propis-u-svrhu-povecanja-energetske-efikasnosti\/"},"wordCount":433,"publisher":{"@id":"https:\/\/energeticar.hr\/#organization"},"image":{"@id":"https:\/\/energeticar.hr\/index.php\/2024\/02\/14\/novi-tehnicki-propis-u-svrhu-povecanja-energetske-efikasnosti\/#primaryimage"},"thumbnailUrl":"https:\/\/energeticar.hr\/wp-content\/uploads\/2024\/02\/Novi-tehnicki-propis-u-svrhu-povecanja-energetske-efikasnosti.jpg","keywords":["Grijanje"],"articleSection":["Zanimljivosti"],"inLanguage":"en-US"},{"@type":"WebPage","@id":"https:\/\/energeticar.hr\/index.php\/2024\/02\/14\/novi-tehnicki-propis-u-svrhu-povecanja-energetske-efikasnosti\/","url":"https:\/\/energeticar.hr\/index.php\/2024\/02\/14\/novi-tehnicki-propis-u-svrhu-povecanja-energetske-efikasnosti\/","name":"Novi tehni\u010dki propis u svrhu pove\u0107anja energetske efikasnosti - Savez energeti\u010dara Slavonije i Baranje","isPartOf":{"@id":"https:\/\/energeticar.hr\/#website"},"primaryImageOfPage":{"@id":"https:\/\/energeticar.hr\/index.php\/2024\/02\/14\/novi-tehnicki-propis-u-svrhu-povecanja-energetske-efikasnosti\/#primaryimage"},"image":{"@id":"https:\/\/energeticar.hr\/index.php\/2024\/02\/14\/novi-tehnicki-propis-u-svrhu-povecanja-energetske-efikasnosti\/#primaryimage"},"thumbnailUrl":"https:\/\/energeticar.hr\/wp-content\/uploads\/2024\/02\/Novi-tehnicki-propis-u-svrhu-povecanja-energetske-efikasnosti.jpg","datePublished":"2024-02-14T21:44:16+00:00","dateModified":"2025-01-02T09:16:26+00:00","description":"Pi\u0161e: mr.sc. Luka Gabri\u0107luki.gabric@gmail.com Novi tehni\u010dki propis u svrhu pove\u0107anja energetske efikasnosti u zgradarstvu i objektima, regulira periodi\u010dne","breadcrumb":{"@id":"https:\/\/energeticar.hr\/index.php\/2024\/02\/14\/novi-tehnicki-propis-u-svrhu-povecanja-energetske-efikasnosti\/#breadcrumb"},"inLanguage":"en-US","potentialAction":[{"@type":"ReadAction","target":["https:\/\/energeticar.hr\/index.php\/2024\/02\/14\/novi-tehnicki-propis-u-svrhu-povecanja-energetske-efikasnosti\/"]}]},{"@type":"ImageObject","inLanguage":"en-US","@id":"https:\/\/energeticar.hr\/index.php\/2024\/02\/14\/novi-tehnicki-propis-u-svrhu-povecanja-energetske-efikasnosti\/#primaryimage","url":"https:\/\/energeticar.hr\/wp-content\/uploads\/2024\/02\/Novi-tehnicki-propis-u-svrhu-povecanja-energetske-efikasnosti.jpg","contentUrl":"https:\/\/energeticar.hr\/wp-content\/uploads\/2024\/02\/Novi-tehnicki-propis-u-svrhu-povecanja-energetske-efikasnosti.jpg","width":763,"height":510},{"@type":"BreadcrumbList","@id":"https:\/\/energeticar.hr\/index.php\/2024\/02\/14\/novi-tehnicki-propis-u-svrhu-povecanja-energetske-efikasnosti\/#breadcrumb","itemListElement":[{"@type":"ListItem","position":1,"name":"Home","item":"https:\/\/energeticar.hr\/"},{"@type":"ListItem","position":2,"name":"Novi tehni\u010dki propis u svrhu pove\u0107anja energetske efikasnosti"}]},{"@type":"WebSite","@id":"https:\/\/energeticar.hr\/#website","url":"https:\/\/energeticar.hr\/","name":"Savez energeti\u010dara Slavonije i Baranje","description":"SESIB","publisher":{"@id":"https:\/\/energeticar.hr\/#organization"},"potentialAction":[{"@type":"SearchAction","target":{"@type":"EntryPoint","urlTemplate":"https:\/\/energeticar.hr\/?s={search_term_string}"},"query-input":{"@type":"PropertyValueSpecification","valueRequired":true,"valueName":"search_term_string"}}],"inLanguage":"en-US"},{"@type":"Organization","@id":"https:\/\/energeticar.hr\/#organization","name":"Savez energeti\u010dara Slavonije i Baranje","url":"https:\/\/energeticar.hr\/","logo":{"@type":"ImageObject","inLanguage":"en-US","@id":"https:\/\/energeticar.hr\/#\/schema\/logo\/image\/","url":"https:\/\/energeticar.hr\/wp-content\/uploads\/2024\/02\/SESiB-logo-SMALL-1.png","contentUrl":"https:\/\/energeticar.hr\/wp-content\/uploads\/2024\/02\/SESiB-logo-SMALL-1.png","width":110,"height":101,"caption":"Savez energeti\u010dara Slavonije i Baranje"},"image":{"@id":"https:\/\/energeticar.hr\/#\/schema\/logo\/image\/"}},{"@type":"Person","@id":"https:\/\/energeticar.hr\/#\/schema\/person\/f7724fe9a0486c36396a1d74adc60c3f","name":"sesib","image":{"@type":"ImageObject","inLanguage":"en-US","@id":"https:\/\/energeticar.hr\/#\/schema\/person\/image\/","url":"https:\/\/secure.gravatar.com\/avatar\/468459074fb1f72d3026475883ba7b5c2540bc8d8741e496e37fcd474fa56f8f?s=96&d=mm&r=g","contentUrl":"https:\/\/secure.gravatar.com\/avatar\/468459074fb1f72d3026475883ba7b5c2540bc8d8741e496e37fcd474fa56f8f?s=96&d=mm&r=g","caption":"sesib"},"sameAs":["http:\/\/energeticar.free.nf"]}]}},"_links":{"self":[{"href":"https:\/\/energeticar.hr\/index.php\/wp-json\/wp\/v2\/posts\/175","targetHints":{"allow":["GET"]}}],"collection":[{"href":"https:\/\/energeticar.hr\/index.php\/wp-json\/wp\/v2\/posts"}],"about":[{"href":"https:\/\/energeticar.hr\/index.php\/wp-json\/wp\/v2\/types\/post"}],"author":[{"embeddable":true,"href":"https:\/\/energeticar.hr\/index.php\/wp-json\/wp\/v2\/users\/1"}],"replies":[{"embeddable":true,"href":"https:\/\/energeticar.hr\/index.php\/wp-json\/wp\/v2\/comments?post=175"}],"version-history":[{"count":13,"href":"https:\/\/energeticar.hr\/index.php\/wp-json\/wp\/v2\/posts\/175\/revisions"}],"predecessor-version":[{"id":4285,"href":"https:\/\/energeticar.hr\/index.php\/wp-json\/wp\/v2\/posts\/175\/revisions\/4285"}],"wp:featuredmedia":[{"embeddable":true,"href":"https:\/\/energeticar.hr\/index.php\/wp-json\/wp\/v2\/media\/179"}],"wp:attachment":[{"href":"https:\/\/energeticar.hr\/index.php\/wp-json\/wp\/v2\/media?parent=175"}],"wp:term":[{"taxonomy":"category","embeddable":true,"href":"https:\/\/energeticar.hr\/index.php\/wp-json\/wp\/v2\/categories?post=175"},{"taxonomy":"post_tag","embeddable":true,"href":"https:\/\/energeticar.hr\/index.php\/wp-json\/wp\/v2\/tags?post=175"}],"curies":[{"name":"wp","href":"https:\/\/api.w.org\/{rel}","templated":true}]}}