{"id":1056,"date":"2018-02-05T12:51:38","date_gmt":"2018-02-05T12:51:38","guid":{"rendered":"http:\/\/energeticar.free.nf\/?p=1056"},"modified":"2025-01-01T20:55:54","modified_gmt":"2025-01-01T20:55:54","slug":"17-susreti-energeticara-slavonije-i-baranje-slavonski-brod-2018","status":"publish","type":"post","link":"https:\/\/energeticar.hr\/index.php\/2018\/02\/05\/17-susreti-energeticara-slavonije-i-baranje-slavonski-brod-2018\/","title":{"rendered":"17. Susret energeti\u010dara Slavonije i Baranje Slavonski Brod, 2018. godine"},"content":{"rendered":"<div class=\"wp-block-columns eplus-wrapper is-layout-flex wp-container-core-columns-is-layout-9d6595d7 wp-block-columns-is-layout-flex eplus-styles-uid-460048\">\n<div class=\"wp-block-column eplus-wrapper is-layout-flow wp-block-column-is-layout-flow\">\n<figure class=\" wp-block-image size-large eplus-wrapper\"><img loading=\"lazy\" decoding=\"async\" width=\"1024\" height=\"617\" src=\"http:\/\/energeticar.free.nf\/wp-content\/uploads\/2018\/02\/Naslovnica1-1024x617.jpg\" alt=\"\" class=\"wp-image-3209\" srcset=\"https:\/\/energeticar.hr\/wp-content\/uploads\/2018\/02\/Naslovnica1-1024x617.jpg 1024w, https:\/\/energeticar.hr\/wp-content\/uploads\/2018\/02\/Naslovnica1-300x181.jpg 300w, https:\/\/energeticar.hr\/wp-content\/uploads\/2018\/02\/Naslovnica1-768x463.jpg 768w, https:\/\/energeticar.hr\/wp-content\/uploads\/2018\/02\/Naslovnica1-1536x925.jpg 1536w, https:\/\/energeticar.hr\/wp-content\/uploads\/2018\/02\/Naslovnica1-2048x1233.jpg 2048w\" sizes=\"auto, (max-width: 1024px) 100vw, 1024px\" \/><\/figure>\n\n\n<figure class=\" wp-block-image size-large eplus-wrapper eplus-styles-uid-4c785f\"><img loading=\"lazy\" decoding=\"async\" width=\"1024\" height=\"645\" src=\"http:\/\/energeticar.free.nf\/wp-content\/uploads\/2018\/02\/WP_20180526_005-1024x645.jpg\" alt=\"\" class=\"wp-image-3210\" srcset=\"https:\/\/energeticar.hr\/wp-content\/uploads\/2018\/02\/WP_20180526_005-1024x645.jpg 1024w, https:\/\/energeticar.hr\/wp-content\/uploads\/2018\/02\/WP_20180526_005-300x189.jpg 300w, https:\/\/energeticar.hr\/wp-content\/uploads\/2018\/02\/WP_20180526_005-768x484.jpg 768w, https:\/\/energeticar.hr\/wp-content\/uploads\/2018\/02\/WP_20180526_005-1536x968.jpg 1536w, https:\/\/energeticar.hr\/wp-content\/uploads\/2018\/02\/WP_20180526_005-2048x1291.jpg 2048w\" sizes=\"auto, (max-width: 1024px) 100vw, 1024px\" \/><\/figure><\/div>\n\n\n\n<div class=\"wp-block-column eplus-wrapper is-layout-flow wp-block-column-is-layout-flow\">\n<p class=\" has-medium-font-size eplus-wrapper\">Tradicionalni susret energeti\u010dara Slavonije i Baranje ove 2018. godine organiziralo je Dru\u0161tvo energeti\u010dara Slavonski Brod. Susret je \u00a0otvorio Marijan Peri\u0161ki\u0107, dipl.ing.stroj., predsjednik Saveza energeti\u010dara Slavonije i Baranje, a u ime doma\u0107ina nazo\u010dne je pozdravio Stojan Filipovi\u0107, predsjednik Dru\u0161tva energeti\u010dara Slavonski Brod.<\/p>\n\n\n\n<p class=\" has-medium-font-size eplus-wrapper\">Program susreta se odvijao kroz tri vrlo sadr\u017eajne aktivnosti:<\/p>\n\n\n<ul class=\" wp-block-list eplus-wrapper eplus-styles-uid-a907d6\">\n<li class=\" has-medium-font-size eplus-wrapper\">Stru\u010dni obilazak postrojenja UPOV lokalne komunalne tvrtke Vodovod doo,<\/li>\n\n\n\n<li class=\" has-medium-font-size eplus-wrapper\">Sportsko-rekreativne aktivnosti u i na prostorima Tvr\u0111ave Brod,<\/li>\n\n\n\n<li class=\" has-medium-font-size eplus-wrapper\">Obilazak umjetni\u010dke Galerije Ru\u017ei\u0107, na lokaciji i u prostorima Tvr\u0111ave.<\/li>\n<\/ul>\n\n\n<p class=\" has-medium-font-size eplus-wrapper\">Osim uobi\u010dajenih aktivnosti tijekom dru\u017eenja kao \u0161to su razmjena iskustava i dru\u0161tvene igre veliko zanimanje na\u0161ih \u010dlanova izazvala je posjeta novoizgra\u0111enom Ure\u0111aju za pri\u010di\u0161\u0107avanje otpadnih voda grada Slavonskog Broda. Ure\u0111aj je pu\u0161ten u rad 2014. godine, a smje\u0161ten je na Poloju na rijeci Savi nizvodno od sredi\u0161ta grada.<br>Tako\u0111er, zanimljiv je bio i obilazak umjetni\u010dke Galerije Ru\u017ei\u0107 smje\u0161tene u brodskoj Tvr\u0111avi, gdje su na oko 1800 \u010detvornih metara izlo\u017eena djela slikara i kipara Branka Ru\u017ei\u0107a i drugih suvremenih hrvatskih umjetnika.<\/p>\n<\/div>\n<\/div>","protected":false},"excerpt":{"rendered":"<p>Tradicionalni susret energeti\u010dara Slavonije i Baranje ove 2018. godine organiziralo je Dru\u0161tvo energeti\u010dara Slavonski Brod. Susret je &nbsp;otvorio Marijan Peri\u0161ki\u0107, dipl.ing.stroj., predsjednik Saveza energeti\u010dara Slavonije i Baranje, a u ime doma\u0107ina nazo\u010dne je pozdravio Stojan Filipovi\u0107, predsjednik Dru\u0161tva energeti\u010dara Slavonski Brod. Program susreta se odvijao kroz tri vrlo sadr\u017eajne aktivnosti: Osim uobi\u010dajenih aktivnosti tijekom dru\u017eenja &#8230; <a title=\"17. Susret energeti\u010dara Slavonije i Baranje Slavonski Brod, 2018. godine\" class=\"read-more\" href=\"https:\/\/energeticar.hr\/index.php\/2018\/02\/05\/17-susreti-energeticara-slavonije-i-baranje-slavonski-brod-2018\/\" aria-label=\"More on 17. Susret energeti\u010dara Slavonije i Baranje Slavonski Brod, 2018. godine\">Vi\u0161e o tome<\/a><\/p>\n","protected":false},"author":1,"featured_media":3209,"comment_status":"closed","ping_status":"closed","sticky":false,"template":"","format":"standard","meta":{"editor_plus_copied_stylings":"{}","footnotes":""},"categories":[15],"tags":[24],"class_list":["post-1056","post","type-post","status-publish","format-standard","has-post-thumbnail","hentry","category-aktualno-sesib","tag-susreti-sesib"],"yoast_head":"<!-- This site is optimized with the Yoast SEO plugin v26.8 - https:\/\/yoast.com\/product\/yoast-seo-wordpress\/ -->\n<title>17. Susret energeti\u010dara Slavonije i Baranje Slavonski Brod, 2018. godine - Savez energeti\u010dara Slavonije i Baranje<\/title>\n<meta name=\"description\" content=\"Tradicionalni susret energeti\u010dara Slavonije i Baranje ove 2018. godine organiziralo je Dru\u0161tvo energeti\u010dara Slavonski Brod. Susret je &nbsp;otvorio\" \/>\n<meta name=\"robots\" content=\"noindex, nofollow\" \/>\n<meta property=\"og:locale\" content=\"en_US\" \/>\n<meta property=\"og:type\" content=\"article\" \/>\n<meta property=\"og:title\" content=\"17. Susret energeti\u010dara Slavonije i Baranje Slavonski Brod, 2018. godine - Savez energeti\u010dara Slavonije i Baranje\" \/>\n<meta property=\"og:description\" content=\"Tradicionalni susret energeti\u010dara Slavonije i Baranje ove 2018. godine organiziralo je Dru\u0161tvo energeti\u010dara Slavonski Brod. Susret je &nbsp;otvorio\" \/>\n<meta property=\"og:url\" content=\"https:\/\/energeticar.hr\/index.php\/2018\/02\/05\/17-susreti-energeticara-slavonije-i-baranje-slavonski-brod-2018\/\" \/>\n<meta property=\"og:site_name\" content=\"Savez energeti\u010dara Slavonije i Baranje\" \/>\n<meta property=\"article:published_time\" content=\"2018-02-05T12:51:38+00:00\" \/>\n<meta property=\"article:modified_time\" content=\"2025-01-01T20:55:54+00:00\" \/>\n<meta property=\"og:image\" content=\"https:\/\/energeticar.hr\/wp-content\/uploads\/2018\/02\/Naslovnica1-scaled.jpg\" \/>\n\t<meta property=\"og:image:width\" content=\"2560\" \/>\n\t<meta property=\"og:image:height\" content=\"1542\" \/>\n\t<meta property=\"og:image:type\" content=\"image\/jpeg\" \/>\n<meta name=\"author\" content=\"sesib\" \/>\n<meta name=\"twitter:card\" content=\"summary_large_image\" \/>\n<meta name=\"twitter:label1\" content=\"Written by\" \/>\n\t<meta name=\"twitter:data1\" content=\"sesib\" \/>\n\t<meta name=\"twitter:label2\" content=\"Est. reading time\" \/>\n\t<meta name=\"twitter:data2\" content=\"2 minutes\" \/>\n<script type=\"application\/ld+json\" class=\"yoast-schema-graph\">{\"@context\":\"https:\/\/schema.org\",\"@graph\":[{\"@type\":\"Article\",\"@id\":\"https:\/\/energeticar.hr\/index.php\/2018\/02\/05\/17-susreti-energeticara-slavonije-i-baranje-slavonski-brod-2018\/#article\",\"isPartOf\":{\"@id\":\"https:\/\/energeticar.hr\/index.php\/2018\/02\/05\/17-susreti-energeticara-slavonije-i-baranje-slavonski-brod-2018\/\"},\"author\":{\"name\":\"sesib\",\"@id\":\"https:\/\/energeticar.hr\/#\/schema\/person\/f7724fe9a0486c36396a1d74adc60c3f\"},\"headline\":\"17. Susret energeti\u010dara Slavonije i Baranje Slavonski Brod, 2018. godine\",\"datePublished\":\"2018-02-05T12:51:38+00:00\",\"dateModified\":\"2025-01-01T20:55:54+00:00\",\"mainEntityOfPage\":{\"@id\":\"https:\/\/energeticar.hr\/index.php\/2018\/02\/05\/17-susreti-energeticara-slavonije-i-baranje-slavonski-brod-2018\/\"},\"wordCount\":201,\"publisher\":{\"@id\":\"https:\/\/energeticar.hr\/#organization\"},\"image\":{\"@id\":\"https:\/\/energeticar.hr\/index.php\/2018\/02\/05\/17-susreti-energeticara-slavonije-i-baranje-slavonski-brod-2018\/#primaryimage\"},\"thumbnailUrl\":\"https:\/\/energeticar.hr\/wp-content\/uploads\/2018\/02\/Naslovnica1-scaled.jpg\",\"keywords\":[\"Susreti SESIB\"],\"articleSection\":[\"Aktualno SESiB\"],\"inLanguage\":\"en-US\"},{\"@type\":\"WebPage\",\"@id\":\"https:\/\/energeticar.hr\/index.php\/2018\/02\/05\/17-susreti-energeticara-slavonije-i-baranje-slavonski-brod-2018\/\",\"url\":\"https:\/\/energeticar.hr\/index.php\/2018\/02\/05\/17-susreti-energeticara-slavonije-i-baranje-slavonski-brod-2018\/\",\"name\":\"17. Susret energeti\u010dara Slavonije i Baranje Slavonski Brod, 2018. godine - Savez energeti\u010dara Slavonije i Baranje\",\"isPartOf\":{\"@id\":\"https:\/\/energeticar.hr\/#website\"},\"primaryImageOfPage\":{\"@id\":\"https:\/\/energeticar.hr\/index.php\/2018\/02\/05\/17-susreti-energeticara-slavonije-i-baranje-slavonski-brod-2018\/#primaryimage\"},\"image\":{\"@id\":\"https:\/\/energeticar.hr\/index.php\/2018\/02\/05\/17-susreti-energeticara-slavonije-i-baranje-slavonski-brod-2018\/#primaryimage\"},\"thumbnailUrl\":\"https:\/\/energeticar.hr\/wp-content\/uploads\/2018\/02\/Naslovnica1-scaled.jpg\",\"datePublished\":\"2018-02-05T12:51:38+00:00\",\"dateModified\":\"2025-01-01T20:55:54+00:00\",\"description\":\"Tradicionalni susret energeti\u010dara Slavonije i Baranje ove 2018. godine organiziralo je Dru\u0161tvo energeti\u010dara Slavonski Brod. Susret je &nbsp;otvorio\",\"breadcrumb\":{\"@id\":\"https:\/\/energeticar.hr\/index.php\/2018\/02\/05\/17-susreti-energeticara-slavonije-i-baranje-slavonski-brod-2018\/#breadcrumb\"},\"inLanguage\":\"en-US\",\"potentialAction\":[{\"@type\":\"ReadAction\",\"target\":[\"https:\/\/energeticar.hr\/index.php\/2018\/02\/05\/17-susreti-energeticara-slavonije-i-baranje-slavonski-brod-2018\/\"]}]},{\"@type\":\"ImageObject\",\"inLanguage\":\"en-US\",\"@id\":\"https:\/\/energeticar.hr\/index.php\/2018\/02\/05\/17-susreti-energeticara-slavonije-i-baranje-slavonski-brod-2018\/#primaryimage\",\"url\":\"https:\/\/energeticar.hr\/wp-content\/uploads\/2018\/02\/Naslovnica1-scaled.jpg\",\"contentUrl\":\"https:\/\/energeticar.hr\/wp-content\/uploads\/2018\/02\/Naslovnica1-scaled.jpg\",\"width\":2560,\"height\":1542},{\"@type\":\"BreadcrumbList\",\"@id\":\"https:\/\/energeticar.hr\/index.php\/2018\/02\/05\/17-susreti-energeticara-slavonije-i-baranje-slavonski-brod-2018\/#breadcrumb\",\"itemListElement\":[{\"@type\":\"ListItem\",\"position\":1,\"name\":\"Home\",\"item\":\"https:\/\/energeticar.hr\/\"},{\"@type\":\"ListItem\",\"position\":2,\"name\":\"17. Susret energeti\u010dara Slavonije i Baranje Slavonski Brod, 2018. godine\"}]},{\"@type\":\"WebSite\",\"@id\":\"https:\/\/energeticar.hr\/#website\",\"url\":\"https:\/\/energeticar.hr\/\",\"name\":\"Savez energeti\u010dara Slavonije i Baranje\",\"description\":\"SESIB\",\"publisher\":{\"@id\":\"https:\/\/energeticar.hr\/#organization\"},\"potentialAction\":[{\"@type\":\"SearchAction\",\"target\":{\"@type\":\"EntryPoint\",\"urlTemplate\":\"https:\/\/energeticar.hr\/?s={search_term_string}\"},\"query-input\":{\"@type\":\"PropertyValueSpecification\",\"valueRequired\":true,\"valueName\":\"search_term_string\"}}],\"inLanguage\":\"en-US\"},{\"@type\":\"Organization\",\"@id\":\"https:\/\/energeticar.hr\/#organization\",\"name\":\"Savez energeti\u010dara Slavonije i Baranje\",\"url\":\"https:\/\/energeticar.hr\/\",\"logo\":{\"@type\":\"ImageObject\",\"inLanguage\":\"en-US\",\"@id\":\"https:\/\/energeticar.hr\/#\/schema\/logo\/image\/\",\"url\":\"https:\/\/energeticar.hr\/wp-content\/uploads\/2024\/02\/SESiB-logo-SMALL-1.png\",\"contentUrl\":\"https:\/\/energeticar.hr\/wp-content\/uploads\/2024\/02\/SESiB-logo-SMALL-1.png\",\"width\":110,\"height\":101,\"caption\":\"Savez energeti\u010dara Slavonije i Baranje\"},\"image\":{\"@id\":\"https:\/\/energeticar.hr\/#\/schema\/logo\/image\/\"}},{\"@type\":\"Person\",\"@id\":\"https:\/\/energeticar.hr\/#\/schema\/person\/f7724fe9a0486c36396a1d74adc60c3f\",\"name\":\"sesib\",\"image\":{\"@type\":\"ImageObject\",\"inLanguage\":\"en-US\",\"@id\":\"https:\/\/energeticar.hr\/#\/schema\/person\/image\/\",\"url\":\"https:\/\/secure.gravatar.com\/avatar\/468459074fb1f72d3026475883ba7b5c2540bc8d8741e496e37fcd474fa56f8f?s=96&d=mm&r=g\",\"contentUrl\":\"https:\/\/secure.gravatar.com\/avatar\/468459074fb1f72d3026475883ba7b5c2540bc8d8741e496e37fcd474fa56f8f?s=96&d=mm&r=g\",\"caption\":\"sesib\"},\"sameAs\":[\"http:\/\/energeticar.free.nf\"]}]}<\/script>\n<!-- \/ Yoast SEO plugin. -->","yoast_head_json":{"title":"17. Susret energeti\u010dara Slavonije i Baranje Slavonski Brod, 2018. godine - Savez energeti\u010dara Slavonije i Baranje","description":"Tradicionalni susret energeti\u010dara Slavonije i Baranje ove 2018. godine organiziralo je Dru\u0161tvo energeti\u010dara Slavonski Brod. Susret je &nbsp;otvorio","robots":{"index":"noindex","follow":"nofollow"},"og_locale":"en_US","og_type":"article","og_title":"17. Susret energeti\u010dara Slavonije i Baranje Slavonski Brod, 2018. godine - Savez energeti\u010dara Slavonije i Baranje","og_description":"Tradicionalni susret energeti\u010dara Slavonije i Baranje ove 2018. godine organiziralo je Dru\u0161tvo energeti\u010dara Slavonski Brod. Susret je &nbsp;otvorio","og_url":"https:\/\/energeticar.hr\/index.php\/2018\/02\/05\/17-susreti-energeticara-slavonije-i-baranje-slavonski-brod-2018\/","og_site_name":"Savez energeti\u010dara Slavonije i Baranje","article_published_time":"2018-02-05T12:51:38+00:00","article_modified_time":"2025-01-01T20:55:54+00:00","og_image":[{"width":2560,"height":1542,"url":"https:\/\/energeticar.hr\/wp-content\/uploads\/2018\/02\/Naslovnica1-scaled.jpg","type":"image\/jpeg"}],"author":"sesib","twitter_card":"summary_large_image","twitter_misc":{"Written by":"sesib","Est. reading time":"2 minutes"},"schema":{"@context":"https:\/\/schema.org","@graph":[{"@type":"Article","@id":"https:\/\/energeticar.hr\/index.php\/2018\/02\/05\/17-susreti-energeticara-slavonije-i-baranje-slavonski-brod-2018\/#article","isPartOf":{"@id":"https:\/\/energeticar.hr\/index.php\/2018\/02\/05\/17-susreti-energeticara-slavonije-i-baranje-slavonski-brod-2018\/"},"author":{"name":"sesib","@id":"https:\/\/energeticar.hr\/#\/schema\/person\/f7724fe9a0486c36396a1d74adc60c3f"},"headline":"17. Susret energeti\u010dara Slavonije i Baranje Slavonski Brod, 2018. godine","datePublished":"2018-02-05T12:51:38+00:00","dateModified":"2025-01-01T20:55:54+00:00","mainEntityOfPage":{"@id":"https:\/\/energeticar.hr\/index.php\/2018\/02\/05\/17-susreti-energeticara-slavonije-i-baranje-slavonski-brod-2018\/"},"wordCount":201,"publisher":{"@id":"https:\/\/energeticar.hr\/#organization"},"image":{"@id":"https:\/\/energeticar.hr\/index.php\/2018\/02\/05\/17-susreti-energeticara-slavonije-i-baranje-slavonski-brod-2018\/#primaryimage"},"thumbnailUrl":"https:\/\/energeticar.hr\/wp-content\/uploads\/2018\/02\/Naslovnica1-scaled.jpg","keywords":["Susreti SESIB"],"articleSection":["Aktualno SESiB"],"inLanguage":"en-US"},{"@type":"WebPage","@id":"https:\/\/energeticar.hr\/index.php\/2018\/02\/05\/17-susreti-energeticara-slavonije-i-baranje-slavonski-brod-2018\/","url":"https:\/\/energeticar.hr\/index.php\/2018\/02\/05\/17-susreti-energeticara-slavonije-i-baranje-slavonski-brod-2018\/","name":"17. Susret energeti\u010dara Slavonije i Baranje Slavonski Brod, 2018. godine - Savez energeti\u010dara Slavonije i Baranje","isPartOf":{"@id":"https:\/\/energeticar.hr\/#website"},"primaryImageOfPage":{"@id":"https:\/\/energeticar.hr\/index.php\/2018\/02\/05\/17-susreti-energeticara-slavonije-i-baranje-slavonski-brod-2018\/#primaryimage"},"image":{"@id":"https:\/\/energeticar.hr\/index.php\/2018\/02\/05\/17-susreti-energeticara-slavonije-i-baranje-slavonski-brod-2018\/#primaryimage"},"thumbnailUrl":"https:\/\/energeticar.hr\/wp-content\/uploads\/2018\/02\/Naslovnica1-scaled.jpg","datePublished":"2018-02-05T12:51:38+00:00","dateModified":"2025-01-01T20:55:54+00:00","description":"Tradicionalni susret energeti\u010dara Slavonije i Baranje ove 2018. godine organiziralo je Dru\u0161tvo energeti\u010dara Slavonski Brod. Susret je &nbsp;otvorio","breadcrumb":{"@id":"https:\/\/energeticar.hr\/index.php\/2018\/02\/05\/17-susreti-energeticara-slavonije-i-baranje-slavonski-brod-2018\/#breadcrumb"},"inLanguage":"en-US","potentialAction":[{"@type":"ReadAction","target":["https:\/\/energeticar.hr\/index.php\/2018\/02\/05\/17-susreti-energeticara-slavonije-i-baranje-slavonski-brod-2018\/"]}]},{"@type":"ImageObject","inLanguage":"en-US","@id":"https:\/\/energeticar.hr\/index.php\/2018\/02\/05\/17-susreti-energeticara-slavonije-i-baranje-slavonski-brod-2018\/#primaryimage","url":"https:\/\/energeticar.hr\/wp-content\/uploads\/2018\/02\/Naslovnica1-scaled.jpg","contentUrl":"https:\/\/energeticar.hr\/wp-content\/uploads\/2018\/02\/Naslovnica1-scaled.jpg","width":2560,"height":1542},{"@type":"BreadcrumbList","@id":"https:\/\/energeticar.hr\/index.php\/2018\/02\/05\/17-susreti-energeticara-slavonije-i-baranje-slavonski-brod-2018\/#breadcrumb","itemListElement":[{"@type":"ListItem","position":1,"name":"Home","item":"https:\/\/energeticar.hr\/"},{"@type":"ListItem","position":2,"name":"17. Susret energeti\u010dara Slavonije i Baranje Slavonski Brod, 2018. godine"}]},{"@type":"WebSite","@id":"https:\/\/energeticar.hr\/#website","url":"https:\/\/energeticar.hr\/","name":"Savez energeti\u010dara Slavonije i Baranje","description":"SESIB","publisher":{"@id":"https:\/\/energeticar.hr\/#organization"},"potentialAction":[{"@type":"SearchAction","target":{"@type":"EntryPoint","urlTemplate":"https:\/\/energeticar.hr\/?s={search_term_string}"},"query-input":{"@type":"PropertyValueSpecification","valueRequired":true,"valueName":"search_term_string"}}],"inLanguage":"en-US"},{"@type":"Organization","@id":"https:\/\/energeticar.hr\/#organization","name":"Savez energeti\u010dara Slavonije i Baranje","url":"https:\/\/energeticar.hr\/","logo":{"@type":"ImageObject","inLanguage":"en-US","@id":"https:\/\/energeticar.hr\/#\/schema\/logo\/image\/","url":"https:\/\/energeticar.hr\/wp-content\/uploads\/2024\/02\/SESiB-logo-SMALL-1.png","contentUrl":"https:\/\/energeticar.hr\/wp-content\/uploads\/2024\/02\/SESiB-logo-SMALL-1.png","width":110,"height":101,"caption":"Savez energeti\u010dara Slavonije i Baranje"},"image":{"@id":"https:\/\/energeticar.hr\/#\/schema\/logo\/image\/"}},{"@type":"Person","@id":"https:\/\/energeticar.hr\/#\/schema\/person\/f7724fe9a0486c36396a1d74adc60c3f","name":"sesib","image":{"@type":"ImageObject","inLanguage":"en-US","@id":"https:\/\/energeticar.hr\/#\/schema\/person\/image\/","url":"https:\/\/secure.gravatar.com\/avatar\/468459074fb1f72d3026475883ba7b5c2540bc8d8741e496e37fcd474fa56f8f?s=96&d=mm&r=g","contentUrl":"https:\/\/secure.gravatar.com\/avatar\/468459074fb1f72d3026475883ba7b5c2540bc8d8741e496e37fcd474fa56f8f?s=96&d=mm&r=g","caption":"sesib"},"sameAs":["http:\/\/energeticar.free.nf"]}]}},"_links":{"self":[{"href":"https:\/\/energeticar.hr\/index.php\/wp-json\/wp\/v2\/posts\/1056","targetHints":{"allow":["GET"]}}],"collection":[{"href":"https:\/\/energeticar.hr\/index.php\/wp-json\/wp\/v2\/posts"}],"about":[{"href":"https:\/\/energeticar.hr\/index.php\/wp-json\/wp\/v2\/types\/post"}],"author":[{"embeddable":true,"href":"https:\/\/energeticar.hr\/index.php\/wp-json\/wp\/v2\/users\/1"}],"replies":[{"embeddable":true,"href":"https:\/\/energeticar.hr\/index.php\/wp-json\/wp\/v2\/comments?post=1056"}],"version-history":[{"count":19,"href":"https:\/\/energeticar.hr\/index.php\/wp-json\/wp\/v2\/posts\/1056\/revisions"}],"predecessor-version":[{"id":4225,"href":"https:\/\/energeticar.hr\/index.php\/wp-json\/wp\/v2\/posts\/1056\/revisions\/4225"}],"wp:featuredmedia":[{"embeddable":true,"href":"https:\/\/energeticar.hr\/index.php\/wp-json\/wp\/v2\/media\/3209"}],"wp:attachment":[{"href":"https:\/\/energeticar.hr\/index.php\/wp-json\/wp\/v2\/media?parent=1056"}],"wp:term":[{"taxonomy":"category","embeddable":true,"href":"https:\/\/energeticar.hr\/index.php\/wp-json\/wp\/v2\/categories?post=1056"},{"taxonomy":"post_tag","embeddable":true,"href":"https:\/\/energeticar.hr\/index.php\/wp-json\/wp\/v2\/tags?post=1056"}],"curies":[{"name":"wp","href":"https:\/\/api.w.org\/{rel}","templated":true}]}}